{"id":1055,"date":"2013-07-23T00:01:39","date_gmt":"2013-07-23T02:01:39","guid":{"rendered":"http:\/\/www.encontramogimirim.com.br\/noticias\/?p=1055"},"modified":"2013-07-22T20:20:11","modified_gmt":"2013-07-22T22:20:11","slug":"catolicos-mobilizados-por-reabertura-de-igreja-em-mogi-mirim","status":"publish","type":"post","link":"https:\/\/www.encontramogimirim.com.br\/noticias\/catolicos-mobilizados-por-reabertura-de-igreja-em-mogi-mirim\/","title":{"rendered":"Cat\u00f3licos mobilizados por reabertura de igreja em Mogi Mirim"},"content":{"rendered":"<p>Em um ato pela f\u00e9 e preserva\u00e7\u00e3o da hist\u00f3ria, a prociss\u00e3o pelo Dia de Nossa Senhora foi marcada por uma manifesta\u00e7\u00e3o pac\u00edfica da comunidade mogimiriana que pedia pela revitaliza\u00e7\u00e3o e reabertura da Igreja do Carmo. O pr\u00e9dio de 1844, patrim\u00f4nio mais antigo da cidade, est\u00e1 fechado desde fevereiro de 2012 devido aos abalos provocados pelas obras do edif\u00edcio residencial vizinho, e n\u00e3o tem previs\u00e3o para reabertura.<\/p>\n<p>Cerca de 400 fieis sa\u00edram, na semana passada, da Matriz de S\u00e3o Jos\u00e9 e caminharam pela Rua XV de Novembro em dire\u00e7\u00e3o ao Jardim Velho. Acompanhada por representantes de outras par\u00f3quias, homens do Tiro de Guerra e membros do Centro de Documenta\u00e7\u00e3o Hist\u00f3rica (CEDOCH) \u201cJoaquim Firmino de Ara\u00fajo Cunha\u201d, a prociss\u00e3o aconteceu logo ap\u00f3s a missa celebrada pelo bispo diocesano, Dom Pedro Carlos Cipolini.<\/p>\n<p>Entre c\u00e2nticos, ora\u00e7\u00f5es, flores e cartazes, a popula\u00e7\u00e3o acompanhou a chegada da imagem at\u00e9 a porta da igreja. No local, o bispo e o p\u00e1roco Nelson Antonio Demiciano fizeram um Ato de Desagravo \u00e0 Nossa Senhora do Carmo, intercedendo para que os danos sejam reparados e que um dia as pessoas possam voltar a frequentar o templo. O ato foi seguido por um minuto de sil\u00eancio. Logo ap\u00f3s, uma parte lateral da igreja foi parcialmente aberta para que a popula\u00e7\u00e3o pudesse ver algumas das rachaduras e trincas.<\/p>\n<p>Segundo Cipolini, \u00e9 uma vergonha para igreja a situa\u00e7\u00e3o ter chego a esse ponto. Em uma \u00e9poca de manifesta\u00e7\u00f5es, em que todos saem \u00e0s ruas, foi bom ver que os cat\u00f3licos tamb\u00e9m acordaram. \u201cFiquei feliz em ver pessoas participando para pedir a solu\u00e7\u00e3o do problema. A causa \u00e9 justa\u201d, declarou o bispo.<\/p>\n<p>\u201cAchei um ato maravilhoso; de f\u00e9 e uni\u00e3o. Agora temos que aguardar esse poss\u00edvel acordo. Mas, esse movimento j\u00e1 mostrou que temos for\u00e7a e boa vontade\u201d, afirmou a professora e uma dos membros do Centro de Documenta\u00e7\u00e3o Hist\u00f3rica, Antonia do Carmo Marchesi.<\/p>\n<p>DANOS<\/p>\n<p>Pela avalia\u00e7\u00e3o do arquiteto, Marcos Tognon, o pr\u00e9dio apresenta 30 fissuras estruturais classificadas como graves e mais de 15 janelas e portas n\u00e3o funcionam mais, o que levou \u00e0 sua interdi\u00e7\u00e3o e suspens\u00e3o das missas.<\/p>\n<p>A igreja j\u00e1 cumpriu o acordo firmado na \u00faltima reuni\u00e3o e entregou ao Minist\u00e9rio P\u00fablico as planilhas das obras do restauro e das partes que tiveram que ser demolidas. \u201cAgora, os valores devem ser avaliados pela construtora e empreendedor dentro de 15 dias, prazo que se encerra na semana que vem\u201d, informou Tognon.<\/p>\n<p>O valor de R$ 450 mil proposto pela igreja inclui o restauro e a indeniza\u00e7\u00e3o material. O ressarcimento pelos danos morais foi renunciado em favor da constru\u00e7\u00e3o de uma nova sede para o Projeto Educand\u00e1rio Nossa Senhora do Carmo.<\/p>\n<p>O promotor de justi\u00e7a, Rog\u00e9rio Fil\u00f3como Junior, afirmou que a responsabilidade pelos danos \u00e9 do empreendedor, o atual presidente do Mogi Mirim Esporte Clube, Rivaldo Ferreira, e que a decis\u00e3o depender\u00e1 do seu bom senso. \u201cN\u00e3o vejo essa mesma velocidade da obra ser utilizada para se chegar a uma solu\u00e7\u00e3o\u201d, argumentou.<\/p>\n<p>Se n\u00e3o houver acordo, a a\u00e7\u00e3o entra em esfera judicial. \u201cA\u00ed, os valores mudam, j\u00e1 que ser\u00e3o considerados os danos materiais e morais\u201d, acrescentou. Caso o desfecho seja mesmo uma a\u00e7\u00e3o civil p\u00fablica, Fil\u00f3como adiantou que o MP vai recomendar \u00e0 prefeitura a n\u00e3o concess\u00e3o do Habite-se; documento necess\u00e1rio para a ocupa\u00e7\u00e3o do im\u00f3vel. \u201cO Poder P\u00fablico deve estar consciente que a constru\u00e7\u00e3o trouxe preju\u00edzos ao patrim\u00f4nio hist\u00f3rico\u201d, finalizou o promotor.<\/p>\n<p><em>Fonte: A Comarca<\/em><\/p>\n","protected":false},"excerpt":{"rendered":"<p>Em um ato pela f\u00e9 e preserva\u00e7\u00e3o da hist\u00f3ria, a prociss\u00e3o pelo Dia de Nossa Senhora foi marcada por uma manifesta\u00e7\u00e3o pac\u00edfica da comunidade mogimiriana que pedia pela revitaliza\u00e7\u00e3o e reabertura da Igreja do Carmo. O pr\u00e9dio de 1844, patrim\u00f4nio mais antigo da cidade, est\u00e1 fechado desde fevereiro de 2012 devido aos abalos provocados pelas [&hellip;]<\/p>\n","protected":false},"author":1,"featured_media":0,"comment_status":"open","ping_status":"open","sticky":false,"template":"","format":"standard","meta":{"footnotes":""},"categories":[6,7],"tags":[14],"class_list":["post-1055","post","type-post","status-publish","format-standard","hentry","category-noticias","category-reclamacoes","tag-mogi-mirim"],"_links":{"self":[{"href":"https:\/\/www.encontramogimirim.com.br\/noticias\/wp-json\/wp\/v2\/posts\/1055","targetHints":{"allow":["GET"]}}],"collection":[{"href":"https:\/\/www.encontramogimirim.com.br\/noticias\/wp-json\/wp\/v2\/posts"}],"about":[{"href":"https:\/\/www.encontramogimirim.com.br\/noticias\/wp-json\/wp\/v2\/types\/post"}],"author":[{"embeddable":true,"href":"https:\/\/www.encontramogimirim.com.br\/noticias\/wp-json\/wp\/v2\/users\/1"}],"replies":[{"embeddable":true,"href":"https:\/\/www.encontramogimirim.com.br\/noticias\/wp-json\/wp\/v2\/comments?post=1055"}],"version-history":[{"count":1,"href":"https:\/\/www.encontramogimirim.com.br\/noticias\/wp-json\/wp\/v2\/posts\/1055\/revisions"}],"predecessor-version":[{"id":1056,"href":"https:\/\/www.encontramogimirim.com.br\/noticias\/wp-json\/wp\/v2\/posts\/1055\/revisions\/1056"}],"wp:attachment":[{"href":"https:\/\/www.encontramogimirim.com.br\/noticias\/wp-json\/wp\/v2\/media?parent=1055"}],"wp:term":[{"taxonomy":"category","embeddable":true,"href":"https:\/\/www.encontramogimirim.com.br\/noticias\/wp-json\/wp\/v2\/categories?post=1055"},{"taxonomy":"post_tag","embeddable":true,"href":"https:\/\/www.encontramogimirim.com.br\/noticias\/wp-json\/wp\/v2\/tags?post=1055"}],"curies":[{"name":"wp","href":"https:\/\/api.w.org\/{rel}","templated":true}]}}