{"id":1058,"date":"2013-07-24T00:01:00","date_gmt":"2013-07-24T02:01:00","guid":{"rendered":"http:\/\/www.encontramogimirim.com.br\/noticias\/?p=1058"},"modified":"2013-07-23T20:24:39","modified_gmt":"2013-07-23T22:24:39","slug":"arvores-da-praca-passarao-por-novas-vistorias-em-mogi-mirim","status":"publish","type":"post","link":"https:\/\/www.encontramogimirim.com.br\/noticias\/arvores-da-praca-passarao-por-novas-vistorias-em-mogi-mirim\/","title":{"rendered":"\u00c1rvores da pra\u00e7a passar\u00e3o por novas vistorias em Mogi Mirim"},"content":{"rendered":"<p>As vistorias que v\u00eam sendo feitas desde a semana passada nas mais de 20 \u00e1rvores da Pra\u00e7a Floriano Peixoto, no Jardim Velho, devem prosseguir na pr\u00f3xima semana. O trabalho continuar\u00e1 por conta de uma equipe de oito t\u00e9cnicos da Secretaria de Gest\u00e3o Ambiental e do Horto Florestal.<\/p>\n<p>J\u00e1 no dia seguinte ap\u00f3s a morte do vendedor ambulante, H\u00e9lio dos Anjos de Souza, 44 anos, devido \u00e0 queda de um galho, foi feita a remo\u00e7\u00e3o de outros galhos da esp\u00e9cie nativa Canaf\u00edstula. A \u00e1rvore de cinco toneladas e 25 metros de altura foi erradicada com o aux\u00edlio de um caminh\u00e3o muck e um guindaste. Toda opera\u00e7\u00e3o de retirada do tronco foi acompanhada por representantes do Meio Ambiente, da Agricultura e pelo Corpo de Bombeiros e conclu\u00edda na \u00faltima quarta-feira, 10.<\/p>\n<p>Outra esp\u00e9cie eliminada foi a Flamboyant, que segundo o secret\u00e1rio de Gest\u00e3o Ambiental, Valdir Luiz Biazotto, j\u00e1 estava totalmente oca.<\/p>\n<p>\u201cA partir das novas vistorias em todos os exemplares da pra\u00e7a faremos um documento com as avalia\u00e7\u00f5es feitas pelas equipes da secretaria e do Horto para que possamos apresentar isso ao Conama (Conselho Nacional do Meio Ambiente)\u201d, explicou Biazotto.<\/p>\n<p>Por enquanto, as vistorias s\u00e3o feitas visualmente e consideram diversos fatores que apontam se uma esp\u00e9cie est\u00e1 comprometida, como o tempo de vida, a exist\u00eancia de fungos e parasitas e de formigueiros. \u201cMas, existe um aparelho de tecnologia alem\u00e3 chamado de Arbosonic Test que faz um diagn\u00f3stico da resist\u00eancia da madeira. \u00c9 um recurso caro, que n\u00e3o temos dispon\u00edvel no munic\u00edpio, mas que se for preciso iremos providenciar\u201d, acrescentou o secret\u00e1rio.<\/p>\n<p>Biazotto acredita que se o governo pretende mesmo revitalizar o Jardim Velho a poda de alguns exemplares ser\u00e1 inevit\u00e1vel. \u201cSe quisermos que a popula\u00e7\u00e3o volte a caminhar e as crian\u00e7as brincar com seguran\u00e7a temos que faz\u00ea-la\u201d, argumentou.<\/p>\n<p>De acordo com a prefeitura, a Secretaria de Gest\u00e3o Ambiental segue um cronograma de podas durante o ano todo. Mas, outras regi\u00f5es que devem passar por vistorias j\u00e1 come\u00e7aram a ser mapeadas.<\/p>\n<p><em>Fonte: A Comarca<\/em><\/p>\n","protected":false},"excerpt":{"rendered":"<p>As vistorias que v\u00eam sendo feitas desde a semana passada nas mais de 20 \u00e1rvores da Pra\u00e7a Floriano Peixoto, no Jardim Velho, devem prosseguir na pr\u00f3xima semana. O trabalho continuar\u00e1 por conta de uma equipe de oito t\u00e9cnicos da Secretaria de Gest\u00e3o Ambiental e do Horto Florestal. J\u00e1 no dia seguinte ap\u00f3s a morte do [&hellip;]<\/p>\n","protected":false},"author":1,"featured_media":0,"comment_status":"open","ping_status":"open","sticky":false,"template":"","format":"standard","meta":{"footnotes":""},"categories":[6,8],"tags":[14],"class_list":["post-1058","post","type-post","status-publish","format-standard","hentry","category-noticias","category-servicos","tag-mogi-mirim"],"_links":{"self":[{"href":"https:\/\/www.encontramogimirim.com.br\/noticias\/wp-json\/wp\/v2\/posts\/1058","targetHints":{"allow":["GET"]}}],"collection":[{"href":"https:\/\/www.encontramogimirim.com.br\/noticias\/wp-json\/wp\/v2\/posts"}],"about":[{"href":"https:\/\/www.encontramogimirim.com.br\/noticias\/wp-json\/wp\/v2\/types\/post"}],"author":[{"embeddable":true,"href":"https:\/\/www.encontramogimirim.com.br\/noticias\/wp-json\/wp\/v2\/users\/1"}],"replies":[{"embeddable":true,"href":"https:\/\/www.encontramogimirim.com.br\/noticias\/wp-json\/wp\/v2\/comments?post=1058"}],"version-history":[{"count":1,"href":"https:\/\/www.encontramogimirim.com.br\/noticias\/wp-json\/wp\/v2\/posts\/1058\/revisions"}],"predecessor-version":[{"id":1059,"href":"https:\/\/www.encontramogimirim.com.br\/noticias\/wp-json\/wp\/v2\/posts\/1058\/revisions\/1059"}],"wp:attachment":[{"href":"https:\/\/www.encontramogimirim.com.br\/noticias\/wp-json\/wp\/v2\/media?parent=1058"}],"wp:term":[{"taxonomy":"category","embeddable":true,"href":"https:\/\/www.encontramogimirim.com.br\/noticias\/wp-json\/wp\/v2\/categories?post=1058"},{"taxonomy":"post_tag","embeddable":true,"href":"https:\/\/www.encontramogimirim.com.br\/noticias\/wp-json\/wp\/v2\/tags?post=1058"}],"curies":[{"name":"wp","href":"https:\/\/api.w.org\/{rel}","templated":true}]}}