{"id":1066,"date":"2013-07-31T00:01:14","date_gmt":"2013-07-31T02:01:14","guid":{"rendered":"http:\/\/www.encontramogimirim.com.br\/noticias\/?p=1066"},"modified":"2013-07-30T21:00:45","modified_gmt":"2013-07-30T23:00:45","slug":"nova-jornada-para-professores-entrara-em-vigor-em-2014-em-mogi-mirim","status":"publish","type":"post","link":"https:\/\/www.encontramogimirim.com.br\/noticias\/nova-jornada-para-professores-entrara-em-vigor-em-2014-em-mogi-mirim\/","title":{"rendered":"Nova jornada para professores entrar\u00e1 em vigor em 2014 em Mogi Mirim"},"content":{"rendered":"<p>A nova jornada de trabalho para professores da rede municipal de ensino s\u00f3 deve entrar em vigor em 2014, prev\u00ea a secret\u00e1ria de Educa\u00e7\u00e3o Andr\u00e9ia Abbiati. A redu\u00e7\u00e3o da jornada est\u00e1 prevista para que se cumpra a lei federal, que determina que 2\/3 do hor\u00e1rio de trabalho do professor sejam ser destinados \u00e0 intera\u00e7\u00e3o com os alunos e 1\/3 \u00e0 elabora\u00e7\u00e3o das aulas e corre\u00e7\u00e3o das provas, o que ainda n\u00e3o acontece em Mogi Mirim.<\/p>\n<p>Segundo Andr\u00e9ia, essa mudan\u00e7a n\u00e3o pode ser realizada no momento para n\u00e3o prejudicar os estudantes da rede. \u201cO ano est\u00e1 em andamento, os alunos est\u00e3o acostumados com seus professores. Com esse novo processo n\u00f3s ter\u00edamos que mudar\u201d, justifica. Se a nova jornada fosse aplicada j\u00e1 na volta \u00e0s aulas em agosto, seria necess\u00e1ria a contrata\u00e7\u00e3o de novos professores e readequamento dos atuais profissionais. Para a secret\u00e1ria de Educa\u00e7\u00e3o isso acarretaria em um preju\u00edzo de ensino-aprendizagem nos estudantes. \u201cPoder\u00edamos ter problemas s\u00e9rios no munic\u00edpio\u201d, adverte.<\/p>\n<p>Para implantar a nova jornada, a Secretaria da Educa\u00e7\u00e3o criou uma comiss\u00e3o que deve contar com a participa\u00e7\u00e3o de alguns professores. \u201cN\u00f3s achamos por bem n\u00e3o tomar essa medida s\u00f3 na Secretaria\u201d, conta Andreia. Os pr\u00f3prios professores v\u00e3o escolher os seus representantes na comiss\u00e3o em elei\u00e7\u00e3o que acontece nesta segunda-feira, 29.<\/p>\n<p>Uma reuni\u00e3o com o Sinsep (Sindicato dos Servidores P\u00fablicos Municipais) para debater a quest\u00e3o est\u00e1 marcada para ter\u00e7a-feira, 30. O sindicato entrou na Justi\u00e7a pela redu\u00e7\u00e3o da jornada de trabalho dos professores e amea\u00e7a acionar o juiz para que se cumpra liminar que obriga o munic\u00edpio a adequar a situa\u00e7\u00e3o, sob pena de pagamento de multa di\u00e1ria de R$5 mil.<\/p>\n<p><em>Fonte: A Comarca<\/em><\/p>\n","protected":false},"excerpt":{"rendered":"<p>A nova jornada de trabalho para professores da rede municipal de ensino s\u00f3 deve entrar em vigor em 2014, prev\u00ea a secret\u00e1ria de Educa\u00e7\u00e3o Andr\u00e9ia Abbiati. A redu\u00e7\u00e3o da jornada est\u00e1 prevista para que se cumpra a lei federal, que determina que 2\/3 do hor\u00e1rio de trabalho do professor sejam ser destinados \u00e0 intera\u00e7\u00e3o com [&hellip;]<\/p>\n","protected":false},"author":1,"featured_media":0,"comment_status":"open","ping_status":"open","sticky":false,"template":"","format":"standard","meta":{"footnotes":""},"categories":[6,8],"tags":[14],"class_list":["post-1066","post","type-post","status-publish","format-standard","hentry","category-noticias","category-servicos","tag-mogi-mirim"],"_links":{"self":[{"href":"https:\/\/www.encontramogimirim.com.br\/noticias\/wp-json\/wp\/v2\/posts\/1066","targetHints":{"allow":["GET"]}}],"collection":[{"href":"https:\/\/www.encontramogimirim.com.br\/noticias\/wp-json\/wp\/v2\/posts"}],"about":[{"href":"https:\/\/www.encontramogimirim.com.br\/noticias\/wp-json\/wp\/v2\/types\/post"}],"author":[{"embeddable":true,"href":"https:\/\/www.encontramogimirim.com.br\/noticias\/wp-json\/wp\/v2\/users\/1"}],"replies":[{"embeddable":true,"href":"https:\/\/www.encontramogimirim.com.br\/noticias\/wp-json\/wp\/v2\/comments?post=1066"}],"version-history":[{"count":2,"href":"https:\/\/www.encontramogimirim.com.br\/noticias\/wp-json\/wp\/v2\/posts\/1066\/revisions"}],"predecessor-version":[{"id":1068,"href":"https:\/\/www.encontramogimirim.com.br\/noticias\/wp-json\/wp\/v2\/posts\/1066\/revisions\/1068"}],"wp:attachment":[{"href":"https:\/\/www.encontramogimirim.com.br\/noticias\/wp-json\/wp\/v2\/media?parent=1066"}],"wp:term":[{"taxonomy":"category","embeddable":true,"href":"https:\/\/www.encontramogimirim.com.br\/noticias\/wp-json\/wp\/v2\/categories?post=1066"},{"taxonomy":"post_tag","embeddable":true,"href":"https:\/\/www.encontramogimirim.com.br\/noticias\/wp-json\/wp\/v2\/tags?post=1066"}],"curies":[{"name":"wp","href":"https:\/\/api.w.org\/{rel}","templated":true}]}}