{"id":118,"date":"2011-08-02T17:12:24","date_gmt":"2011-08-02T19:12:24","guid":{"rendered":"http:\/\/www.encontramogimirim.com.br\/noticias\/?p=118"},"modified":"2011-08-02T17:12:24","modified_gmt":"2011-08-02T19:12:24","slug":"prefeitura-de-mogi-mirim-efetiva-corte-de-cesta-basica","status":"publish","type":"post","link":"https:\/\/www.encontramogimirim.com.br\/noticias\/prefeitura-de-mogi-mirim-efetiva-corte-de-cesta-basica\/","title":{"rendered":"Prefeitura de Mogi Mirim efetiva corte de cesta b\u00e1sica"},"content":{"rendered":"<p>Ap\u00f3s o movimento grevista protagonizado pelas educadoras e funcion\u00e1rias das CEMPIs (Centro Educacional Municipal de Primeira Inf\u00e2ncia), no m\u00eas de junho, a Prefeitura Municipal de Mogi Mirim cumpriu o j\u00e1 anunciado desconto dos dias parados em folha de pagamento. Por\u00e9m, o fato que mais revoltou a classe e o Sindicato dos Servidores P\u00fablicos Municipais (Sinsep) \u00e9 que as servidoras est\u00e3o deixando de receber a cesta b\u00e1sica.<\/p>\n<p>A decis\u00e3o fez com que o Sinsep ingressasse com a\u00e7\u00e3o cautelar contra a administra\u00e7\u00e3o municipal na \u00faltima quinta-feira, 28. \u201cAs servidoras est\u00e3o sendo penalizadas por utilizarem um dispositivo constitucional reivindicat\u00f3rio, direito esse entendido em qualquer tribunal desse pa\u00eds\u201d, argumenta o presidente do Sinsep, Antonio Maciel, em nota oficial.<br \/>\nO Sinsep tamb\u00e9m anunciou que vai entrar na justi\u00e7a para cobrar a diferen\u00e7a m\u00e9dia de R$ 1 mil que cada educadora tem por direito pelo aumento do piso da categoria em n\u00edvel nacional efetivado em abril.<\/p>\n<p>O desconto dos dias parados j\u00e1 era esperado pelo sindicato, que ainda assim pretendia buscar a revers\u00e3o na justi\u00e7a. Maciel classifica como \u2018injusti\u00e7a\u2019 o fato de que a n\u00e3o entrega da cesta b\u00e1sica penaliza toda a fam\u00edlia das servidoras. \u201cA falta de di\u00e1logo, de bom senso e a arbitrariedade prevalecem nas atitudes do governo municipal\u201d, diz.<br \/>\nA nota enviada pelo Sinsep ainda classifica a atitude como \u2018monstruosa\u2019 e fruto de \u2018vingan\u00e7a\u2019. \u201cPrimeiro, a prefeitura admite o erro e passa o sal\u00e1rio das educadoras infantis em conformidade com dispositivos federais, em seguida penaliza a todas com o ferr\u00e3o do poder\u201d, diz a nota.<\/p>\n<p>A cesta de alimentos a que tem direito \u00e0s educadoras tem o valor de R$119,30. Segundo o Sinsep, a administra\u00e7\u00e3o municipal est\u00e1 considerando como faltas injusti\u00e7adas os dias em que houve paralisa\u00e7\u00e3o. Ainda segundo o sindicado, esse crit\u00e9rio \u00e9 ilegal. A a\u00e7\u00e3o trabalhista impetrada pelo Sinsep pleiteia que a justi\u00e7a considere a suspens\u00e3o dos descontos salariais na folha de pagamento e desconsidere os dias de faltas para efeitos de fornecimento das cestas b\u00e1sicas, at\u00e9 que o processo seja julgado pela Vara do Trabalho.<\/p>\n<p>No m\u00eas de junho, as funcion\u00e1rias das CEMPIs paralisaram as atividades por tr\u00eas dias e, com isso, alcan\u00e7aram reajuste de 32% para 49 auxiliares, assistentes administrativos e atendentes de creche, al\u00e9m de enquadramento no quadro do magist\u00e9rio para as que possuem forma\u00e7\u00e3o em pedagogia. Em primeiro momento alegando aus\u00eancia de amparo legal, a administra\u00e7\u00e3o voltou atr\u00e1s e encaminhou projeto \u00e0 C\u00e2mara que alterou o sal\u00e1rio das educadoras de R$901 para R$1.187, piso nacional para o cargo de educador infantil.<\/p>\n<p><em>Fonte: A Comarca<\/em><\/p>\n","protected":false},"excerpt":{"rendered":"<p>Ap\u00f3s o movimento grevista protagonizado pelas educadoras e funcion\u00e1rias das CEMPIs (Centro Educacional Municipal de Primeira Inf\u00e2ncia), no m\u00eas de junho, a Prefeitura Municipal de Mogi Mirim cumpriu o j\u00e1 anunciado desconto dos dias parados em folha de pagamento. Por\u00e9m, o fato que mais revoltou a classe e o Sindicato dos Servidores P\u00fablicos Municipais (Sinsep) [&hellip;]<\/p>\n","protected":false},"author":1,"featured_media":0,"comment_status":"open","ping_status":"open","sticky":false,"template":"","format":"standard","meta":{"footnotes":""},"categories":[6],"tags":[14],"class_list":["post-118","post","type-post","status-publish","format-standard","hentry","category-noticias","tag-mogi-mirim"],"_links":{"self":[{"href":"https:\/\/www.encontramogimirim.com.br\/noticias\/wp-json\/wp\/v2\/posts\/118","targetHints":{"allow":["GET"]}}],"collection":[{"href":"https:\/\/www.encontramogimirim.com.br\/noticias\/wp-json\/wp\/v2\/posts"}],"about":[{"href":"https:\/\/www.encontramogimirim.com.br\/noticias\/wp-json\/wp\/v2\/types\/post"}],"author":[{"embeddable":true,"href":"https:\/\/www.encontramogimirim.com.br\/noticias\/wp-json\/wp\/v2\/users\/1"}],"replies":[{"embeddable":true,"href":"https:\/\/www.encontramogimirim.com.br\/noticias\/wp-json\/wp\/v2\/comments?post=118"}],"version-history":[{"count":1,"href":"https:\/\/www.encontramogimirim.com.br\/noticias\/wp-json\/wp\/v2\/posts\/118\/revisions"}],"predecessor-version":[{"id":119,"href":"https:\/\/www.encontramogimirim.com.br\/noticias\/wp-json\/wp\/v2\/posts\/118\/revisions\/119"}],"wp:attachment":[{"href":"https:\/\/www.encontramogimirim.com.br\/noticias\/wp-json\/wp\/v2\/media?parent=118"}],"wp:term":[{"taxonomy":"category","embeddable":true,"href":"https:\/\/www.encontramogimirim.com.br\/noticias\/wp-json\/wp\/v2\/categories?post=118"},{"taxonomy":"post_tag","embeddable":true,"href":"https:\/\/www.encontramogimirim.com.br\/noticias\/wp-json\/wp\/v2\/tags?post=118"}],"curies":[{"name":"wp","href":"https:\/\/api.w.org\/{rel}","templated":true}]}}