{"id":129,"date":"2011-08-04T14:42:46","date_gmt":"2011-08-04T16:42:46","guid":{"rendered":"http:\/\/www.encontramogimirim.com.br\/noticias\/?p=129"},"modified":"2013-08-15T12:29:05","modified_gmt":"2013-08-15T14:29:05","slug":"brinquedoteca-ocupara-antigo-mercado-em-mogi-mirim","status":"publish","type":"post","link":"https:\/\/www.encontramogimirim.com.br\/noticias\/brinquedoteca-ocupara-antigo-mercado-em-mogi-mirim\/","title":{"rendered":"Brinquedoteca ocupar\u00e1 antigo mercado em Mogi Mirim"},"content":{"rendered":"<p>Agora est\u00e1 definido: o antigo mercado municipal ser\u00e1 mesmo ocupado por uma brinquedoteca que atender\u00e1 alunos da rede de ensino da cidade de Mogi Mirim. \u00a0A conclus\u00e3o da reforma do pr\u00e9dio, iniciada em fevereiro, \u00e9 prometida para outubro. Inicialmente, o prazo era maio.<\/p>\n<p>O diretor de Obras, Rog\u00e9rio Esperan\u00e7a, informou que o atraso foi ocasionado pela demorada na retirada do arquivo morto da Prefeitura, instalado na parte inferior do im\u00f3vel. A demora na entrega de alguns materiais tamb\u00e9m teria retardado a obra.<\/p>\n<p>Altera\u00e7\u00f5es no projeto tamb\u00e9m teriam concorrido para o descumprimento do prazo, segundo Claudemir Cazo, da empresa T\u00falio, subcontratada da C\u00e1ceres, titular da obra. Estava previsto um beiral para o lado de fora, na fachada do pr\u00e9dio, mas como a rua \u00e9 estreita, ele foi projetado para dentro.<\/p>\n<p>Outro problema foi o de ainda n\u00e3o terem sido afastados os cabos de alta tens\u00e3o da Rua Coronel Guedes, provid\u00eancia que cabe \u00e0 Elektro. \u00a0Os oper\u00e1rios n\u00e3o podem mexer na fachada do pr\u00e9dio enquanto isso n\u00e3o for feito. Segundo Esperan\u00e7a, a Prefeitura j\u00e1 pagou a concession\u00e1ria e o servi\u00e7o deve ser feito em breve.<\/p>\n<p>O diretor de Obras calcula que a parte da constru\u00e7\u00e3o civil estar\u00e1 pronta em outubro, mas o funcionamento da brinquedoteca ficar\u00e1 para 2012.<\/p>\n<p>A parte interna est\u00e1 em fase de acabamento e deve ser conclu\u00edda at\u00e9 o final do m\u00eas.<\/p>\n<p>O telhado j\u00e1 foi conclu\u00eddo. Falta a instala\u00e7\u00e3o do contra piso, que ser\u00e1 de concreto polido, e o servi\u00e7o de pintura, entre outros detalhes. O projeto est\u00e1 or\u00e7ado em R$ 683,6 mil.<\/p>\n<p><em>Fonte: O Popular<\/em><\/p>\n","protected":false},"excerpt":{"rendered":"<p>Agora est\u00e1 definido: o antigo mercado municipal ser\u00e1 mesmo ocupado por uma brinquedoteca que atender\u00e1 alunos da rede de ensino da cidade de Mogi Mirim. \u00a0A conclus\u00e3o da reforma do pr\u00e9dio, iniciada em fevereiro, \u00e9 prometida para outubro. Inicialmente, o prazo era maio. O diretor de Obras, Rog\u00e9rio Esperan\u00e7a, informou que o atraso foi ocasionado [&hellip;]<\/p>\n","protected":false},"author":1,"featured_media":0,"comment_status":"open","ping_status":"open","sticky":false,"template":"","format":"standard","meta":{"footnotes":""},"categories":[6],"tags":[14],"class_list":["post-129","post","type-post","status-publish","format-standard","hentry","category-noticias","tag-mogi-mirim"],"_links":{"self":[{"href":"https:\/\/www.encontramogimirim.com.br\/noticias\/wp-json\/wp\/v2\/posts\/129","targetHints":{"allow":["GET"]}}],"collection":[{"href":"https:\/\/www.encontramogimirim.com.br\/noticias\/wp-json\/wp\/v2\/posts"}],"about":[{"href":"https:\/\/www.encontramogimirim.com.br\/noticias\/wp-json\/wp\/v2\/types\/post"}],"author":[{"embeddable":true,"href":"https:\/\/www.encontramogimirim.com.br\/noticias\/wp-json\/wp\/v2\/users\/1"}],"replies":[{"embeddable":true,"href":"https:\/\/www.encontramogimirim.com.br\/noticias\/wp-json\/wp\/v2\/comments?post=129"}],"version-history":[{"count":2,"href":"https:\/\/www.encontramogimirim.com.br\/noticias\/wp-json\/wp\/v2\/posts\/129\/revisions"}],"predecessor-version":[{"id":1088,"href":"https:\/\/www.encontramogimirim.com.br\/noticias\/wp-json\/wp\/v2\/posts\/129\/revisions\/1088"}],"wp:attachment":[{"href":"https:\/\/www.encontramogimirim.com.br\/noticias\/wp-json\/wp\/v2\/media?parent=129"}],"wp:term":[{"taxonomy":"category","embeddable":true,"href":"https:\/\/www.encontramogimirim.com.br\/noticias\/wp-json\/wp\/v2\/categories?post=129"},{"taxonomy":"post_tag","embeddable":true,"href":"https:\/\/www.encontramogimirim.com.br\/noticias\/wp-json\/wp\/v2\/tags?post=129"}],"curies":[{"name":"wp","href":"https:\/\/api.w.org\/{rel}","templated":true}]}}