{"id":131,"date":"2011-08-09T16:00:28","date_gmt":"2011-08-09T18:00:28","guid":{"rendered":"http:\/\/www.encontramogimirim.com.br\/noticias\/?p=131"},"modified":"2011-08-09T16:00:28","modified_gmt":"2011-08-09T18:00:28","slug":"justica-condena-prefeitura-de-mogi-mirim-a-pagamento-de-r-5-milhoes","status":"publish","type":"post","link":"https:\/\/www.encontramogimirim.com.br\/noticias\/justica-condena-prefeitura-de-mogi-mirim-a-pagamento-de-r-5-milhoes\/","title":{"rendered":"Justi\u00e7a condena prefeitura de Mogi Mirim a pagamento de R$ 5 milh\u00f5es"},"content":{"rendered":"<p>Ap\u00f3s muita expectativa, 1.380 servidores p\u00fablicos municipais, finalmente conheceram o resultado do julgamento para que a prefeitura pague f\u00e9rias de anos atr\u00e1s n\u00e3o recebidas de forma devida pelos servidores. Ap\u00f3s analisar todo o processo, a ju\u00edza substituta do trabalho, Cristiane Kawanaka de Pontes deferiu favoravelmente \u00e0 a\u00e7\u00e3o do Sindicato dos Servidores P\u00fablicos Municipais de Mogi Mirim (Sinsep) que ingressou de forma coletiva a revis\u00e3o das f\u00e9rias.<\/p>\n<p>Na senten\u00e7a, a ju\u00edza explica que os valores da condena\u00e7\u00e3o dever\u00e3o ser apurados em regular liquida\u00e7\u00e3o de senten\u00e7a, observando-se os termos da fundamenta\u00e7\u00e3o. Corre\u00e7\u00e3o monet\u00e1ria, juros de mora, contribui\u00e7\u00f5es previdenci\u00e1rias e fiscais, nos termos da fundamenta\u00e7\u00e3o. Custas processuais calculadas sobre o valor ora arbitrado \u00e0 condena\u00e7\u00e3o de R$ 5 milh\u00f5es. \u201c\u00c9 bom ressaltar que este valor n\u00e3o \u00e9 definitivo j\u00e1 que cabe recurso por parte da prefeitura\u201d, explica Valdir Pais, advogado do Sinsep.<\/p>\n<p>Diante das provas apresnetadas, o Ju\u00edzo da Vara do Trabalho declarou a extin\u00e7\u00e3o do processo, com resolu\u00e7\u00e3o do m\u00e9rito, quanto \u00e0 pretens\u00e3o do autor relativa aos cr\u00e9ditos anteriores a 07.04.2006 (prescri\u00e7\u00e3o) e julgou parcialmente procedentes os demais pedidos formulados pelo sindicato a fim de condenar a prefeitura a pagar complemento \u00e0 dobra das f\u00e9rias pagas no per\u00edodo imprescrito at\u00e9 dezembro de 2010.<\/p>\n<p>Durante o processo, uma assembl\u00e9ia realizada no dia 19 de julho marcou a apresenta\u00e7\u00e3o da defesa da administra\u00e7\u00e3o, que confirmou a falta de antecipa\u00e7\u00e3o do pagamento relativo \u00e0s f\u00e9rias at\u00e9 dezembro de 2010 e o representante do sindicato reconheceu a regulariza\u00e7\u00e3o desta situa\u00e7\u00e3o a partir de janeiro de 2011.<\/p>\n<p>Al\u00e9m dos servidores ligados \u00e0 prefeitura, h\u00e1 tamb\u00e9m funcion\u00e1rios do SAAE (Servi\u00e7o Aut\u00f4nomo de \u00c1gua e Esgoto) e da C\u00e2mara Municipal aguardando o julgamento. Fora os 1.380 servidores que fazem parte do acordo coletivo, outros funcion\u00e1rios esperam julgamento de forma particular, por\u00e9m, no mesmo \u00e2mbito.<\/p>\n<p><em>Fonte: A Comarca<\/em><\/p>\n","protected":false},"excerpt":{"rendered":"<p>Ap\u00f3s muita expectativa, 1.380 servidores p\u00fablicos municipais, finalmente conheceram o resultado do julgamento para que a prefeitura pague f\u00e9rias de anos atr\u00e1s n\u00e3o recebidas de forma devida pelos servidores. Ap\u00f3s analisar todo o processo, a ju\u00edza substituta do trabalho, Cristiane Kawanaka de Pontes deferiu favoravelmente \u00e0 a\u00e7\u00e3o do Sindicato dos Servidores P\u00fablicos Municipais de Mogi [&hellip;]<\/p>\n","protected":false},"author":1,"featured_media":0,"comment_status":"open","ping_status":"open","sticky":false,"template":"","format":"standard","meta":{"footnotes":""},"categories":[6],"tags":[14],"class_list":["post-131","post","type-post","status-publish","format-standard","hentry","category-noticias","tag-mogi-mirim"],"_links":{"self":[{"href":"https:\/\/www.encontramogimirim.com.br\/noticias\/wp-json\/wp\/v2\/posts\/131","targetHints":{"allow":["GET"]}}],"collection":[{"href":"https:\/\/www.encontramogimirim.com.br\/noticias\/wp-json\/wp\/v2\/posts"}],"about":[{"href":"https:\/\/www.encontramogimirim.com.br\/noticias\/wp-json\/wp\/v2\/types\/post"}],"author":[{"embeddable":true,"href":"https:\/\/www.encontramogimirim.com.br\/noticias\/wp-json\/wp\/v2\/users\/1"}],"replies":[{"embeddable":true,"href":"https:\/\/www.encontramogimirim.com.br\/noticias\/wp-json\/wp\/v2\/comments?post=131"}],"version-history":[{"count":1,"href":"https:\/\/www.encontramogimirim.com.br\/noticias\/wp-json\/wp\/v2\/posts\/131\/revisions"}],"predecessor-version":[{"id":132,"href":"https:\/\/www.encontramogimirim.com.br\/noticias\/wp-json\/wp\/v2\/posts\/131\/revisions\/132"}],"wp:attachment":[{"href":"https:\/\/www.encontramogimirim.com.br\/noticias\/wp-json\/wp\/v2\/media?parent=131"}],"wp:term":[{"taxonomy":"category","embeddable":true,"href":"https:\/\/www.encontramogimirim.com.br\/noticias\/wp-json\/wp\/v2\/categories?post=131"},{"taxonomy":"post_tag","embeddable":true,"href":"https:\/\/www.encontramogimirim.com.br\/noticias\/wp-json\/wp\/v2\/tags?post=131"}],"curies":[{"name":"wp","href":"https:\/\/api.w.org\/{rel}","templated":true}]}}