{"id":135,"date":"2011-08-09T16:05:54","date_gmt":"2011-08-09T18:05:54","guid":{"rendered":"http:\/\/www.encontramogimirim.com.br\/noticias\/?p=135"},"modified":"2013-08-15T12:29:05","modified_gmt":"2013-08-15T14:29:05","slug":"mogi-mirim-tem-primeiro-caso-de-meningite-meningococica","status":"publish","type":"post","link":"https:\/\/www.encontramogimirim.com.br\/noticias\/mogi-mirim-tem-primeiro-caso-de-meningite-meningococica\/","title":{"rendered":"Mogi Mirim tem primeiro caso de meningite meningoc\u00f3cica"},"content":{"rendered":"<p>Um caso de meningite meningoc\u00f3cica foi registrado h\u00e1 uma semana na cidade de Mogi Mirim. Este \u00e9 o tipo mais agressivo da doen\u00e7a.\u00a0O paciente \u00e9 uma crian\u00e7a com idade abaixo de um ano, que j\u00e1 recebeu alta ap\u00f3s permanecer internada na Santa Casa.<\/p>\n<p>Para o bloqueio da doen\u00e7a foi feita uma busca entre os familiares da crian\u00e7a.\u00a0Os outros dois casos registrados este ano s\u00e3o de meningite viral, que tem menores consequ\u00eancias.<\/p>\n<p>\u201c\u00c9 normal acontecerem casos de meningite nessa \u00e9poca do ano. As pessoas permanecem em ambientes fechados com pouca ventila\u00e7\u00e3o e o clima mais seco\u201d, afirma a enfermeira da Vigil\u00e2ncia Epidemiol\u00f3gica, Joalice Penna.\u00a0Por isso, segundo ela, por enquanto a transmiss\u00e3o se mant\u00e9m dentro do que \u00e9 considerado normal para o Munic\u00edpio.<\/p>\n<p>A meningite provoca a inflama\u00e7\u00e3o das membranas do c\u00e9rebro, as meninges, seja por v\u00edrus, bact\u00e9rias, fungos e protozo\u00e1rios. \u00c9 uma doen\u00e7a que atinge a todos. \u00a0\u201cQualquer um pode ser suscet\u00edvel \u00e0 meningite\u201d, alerta Joalice.<\/p>\n<p>A enfermeira explica que crian\u00e7as menores de dois anos j\u00e1 s\u00e3o imunes \u00e0 meningite causada pela bact\u00e9ria meningococo C, j\u00e1 que a vacina foi inclu\u00edda no calend\u00e1rio de imuniza\u00e7\u00e3o. \u00a0Mas, a meningoc\u00f3cica \u00e9 a que mais preocupa a sa\u00fade p\u00fablica por ter maior \u00edndice de mortes.<\/p>\n<p>Os sintomas de meningite s\u00e3o em geral febre alta, dor de cabe\u00e7a forte, rigidez na nuca e dor no pesco\u00e7o, e v\u00f4mitos em jato. \u00a0O tratamento pode ser feito com o uso de antibi\u00f3tico espec\u00edfico. Interna\u00e7\u00f5es hospitalares dever\u00e3o ser definidas pelos m\u00e9dicos.\u00a0H\u00e1 casos nos quais o tratamento pode incluir repouso e cuidados gerais e n\u00e3o precisar de antibi\u00f3ticos.<\/p>\n<p>Para prevenir a doen\u00e7a \u00e9 recomendado lavar as m\u00e3os sempre e com \u00e1gua e sab\u00e3o, evitar compartilhar alimentos, bebidas, pratos, copos e talheres.\u00a0Al\u00e9m disso, \u00e9 prudente evitar aglomera\u00e7\u00f5es, permanecendo em locais ventilados e com luz solar.<\/p>\n<p><em>Fonte: O Popular<\/em><\/p>\n","protected":false},"excerpt":{"rendered":"<p>Um caso de meningite meningoc\u00f3cica foi registrado h\u00e1 uma semana na cidade de Mogi Mirim. Este \u00e9 o tipo mais agressivo da doen\u00e7a.\u00a0O paciente \u00e9 uma crian\u00e7a com idade abaixo de um ano, que j\u00e1 recebeu alta ap\u00f3s permanecer internada na Santa Casa. Para o bloqueio da doen\u00e7a foi feita uma busca entre os familiares [&hellip;]<\/p>\n","protected":false},"author":1,"featured_media":0,"comment_status":"open","ping_status":"open","sticky":false,"template":"","format":"standard","meta":{"footnotes":""},"categories":[6],"tags":[14],"class_list":["post-135","post","type-post","status-publish","format-standard","hentry","category-noticias","tag-mogi-mirim"],"_links":{"self":[{"href":"https:\/\/www.encontramogimirim.com.br\/noticias\/wp-json\/wp\/v2\/posts\/135","targetHints":{"allow":["GET"]}}],"collection":[{"href":"https:\/\/www.encontramogimirim.com.br\/noticias\/wp-json\/wp\/v2\/posts"}],"about":[{"href":"https:\/\/www.encontramogimirim.com.br\/noticias\/wp-json\/wp\/v2\/types\/post"}],"author":[{"embeddable":true,"href":"https:\/\/www.encontramogimirim.com.br\/noticias\/wp-json\/wp\/v2\/users\/1"}],"replies":[{"embeddable":true,"href":"https:\/\/www.encontramogimirim.com.br\/noticias\/wp-json\/wp\/v2\/comments?post=135"}],"version-history":[{"count":2,"href":"https:\/\/www.encontramogimirim.com.br\/noticias\/wp-json\/wp\/v2\/posts\/135\/revisions"}],"predecessor-version":[{"id":1090,"href":"https:\/\/www.encontramogimirim.com.br\/noticias\/wp-json\/wp\/v2\/posts\/135\/revisions\/1090"}],"wp:attachment":[{"href":"https:\/\/www.encontramogimirim.com.br\/noticias\/wp-json\/wp\/v2\/media?parent=135"}],"wp:term":[{"taxonomy":"category","embeddable":true,"href":"https:\/\/www.encontramogimirim.com.br\/noticias\/wp-json\/wp\/v2\/categories?post=135"},{"taxonomy":"post_tag","embeddable":true,"href":"https:\/\/www.encontramogimirim.com.br\/noticias\/wp-json\/wp\/v2\/tags?post=135"}],"curies":[{"name":"wp","href":"https:\/\/api.w.org\/{rel}","templated":true}]}}