{"id":138,"date":"2011-08-11T12:04:37","date_gmt":"2011-08-11T14:04:37","guid":{"rendered":"http:\/\/www.encontramogimirim.com.br\/noticias\/?p=138"},"modified":"2011-08-11T12:04:37","modified_gmt":"2011-08-11T14:04:37","slug":"mogi-mirim-comeca-convocacao-para-%e2%80%9cminha-casa-minha-vida%e2%80%9d","status":"publish","type":"post","link":"https:\/\/www.encontramogimirim.com.br\/noticias\/mogi-mirim-comeca-convocacao-para-%e2%80%9cminha-casa-minha-vida%e2%80%9d\/","title":{"rendered":"Mogi Mirim: come\u00e7a convoca\u00e7\u00e3o para \u201cMinha Casa, Minha Vida\u201d"},"content":{"rendered":"<p>As 500 fam\u00edlias inscritas e selecionadas no programa federal \u201cMinha Casa, Minha Vida\u201d est\u00e3o sendo convocadas pelos departamentos de Promo\u00e7\u00e3o Social e de Habita\u00e7\u00e3o. O chamamento \u00e9 para o preenchimento de cadastro \u00fanico para programas sociais, uma das regras para participar do projeto habitacional.<\/p>\n<p>Quem receber a carta convoca\u00e7\u00e3o ter\u00e1 que ir ao Departamento de Promo\u00e7\u00e3o Social no dia e hor\u00e1rio marcados. O n\u00e3o comparecimento pode caracterizar desinteresse.<\/p>\n<p>At\u00e9 dia 19, a Prefeitura de Mogi Mirim encaminhar\u00e1 a listagem completa \u00e0 Caixa Econ\u00f4mica Federal para os pr\u00f3ximos procedimentos.\u00a0S\u00e3o 352 fam\u00edlias, das quais 50% indicadas pela Prefeitura por viverem em situa\u00e7\u00e3o de risco ou vulnerabilidade.<\/p>\n<p>As outras 50% foram selecionadas por atenderem as regras do programa e atingirem a pontua\u00e7\u00e3o necess\u00e1ria para a sele\u00e7\u00e3o.<\/p>\n<p>Esta \u00faltima listagem j\u00e1 contempla 3% de fam\u00edlias com idosos, 3% de fam\u00edlias com deficientes.<\/p>\n<p><em>Fonte: O Popular<\/em><\/p>\n","protected":false},"excerpt":{"rendered":"<p>As 500 fam\u00edlias inscritas e selecionadas no programa federal \u201cMinha Casa, Minha Vida\u201d est\u00e3o sendo convocadas pelos departamentos de Promo\u00e7\u00e3o Social e de Habita\u00e7\u00e3o. O chamamento \u00e9 para o preenchimento de cadastro \u00fanico para programas sociais, uma das regras para participar do projeto habitacional. Quem receber a carta convoca\u00e7\u00e3o ter\u00e1 que ir ao Departamento de [&hellip;]<\/p>\n","protected":false},"author":1,"featured_media":0,"comment_status":"open","ping_status":"open","sticky":false,"template":"","format":"standard","meta":{"footnotes":""},"categories":[6],"tags":[14],"class_list":["post-138","post","type-post","status-publish","format-standard","hentry","category-noticias","tag-mogi-mirim"],"_links":{"self":[{"href":"https:\/\/www.encontramogimirim.com.br\/noticias\/wp-json\/wp\/v2\/posts\/138","targetHints":{"allow":["GET"]}}],"collection":[{"href":"https:\/\/www.encontramogimirim.com.br\/noticias\/wp-json\/wp\/v2\/posts"}],"about":[{"href":"https:\/\/www.encontramogimirim.com.br\/noticias\/wp-json\/wp\/v2\/types\/post"}],"author":[{"embeddable":true,"href":"https:\/\/www.encontramogimirim.com.br\/noticias\/wp-json\/wp\/v2\/users\/1"}],"replies":[{"embeddable":true,"href":"https:\/\/www.encontramogimirim.com.br\/noticias\/wp-json\/wp\/v2\/comments?post=138"}],"version-history":[{"count":1,"href":"https:\/\/www.encontramogimirim.com.br\/noticias\/wp-json\/wp\/v2\/posts\/138\/revisions"}],"predecessor-version":[{"id":139,"href":"https:\/\/www.encontramogimirim.com.br\/noticias\/wp-json\/wp\/v2\/posts\/138\/revisions\/139"}],"wp:attachment":[{"href":"https:\/\/www.encontramogimirim.com.br\/noticias\/wp-json\/wp\/v2\/media?parent=138"}],"wp:term":[{"taxonomy":"category","embeddable":true,"href":"https:\/\/www.encontramogimirim.com.br\/noticias\/wp-json\/wp\/v2\/categories?post=138"},{"taxonomy":"post_tag","embeddable":true,"href":"https:\/\/www.encontramogimirim.com.br\/noticias\/wp-json\/wp\/v2\/tags?post=138"}],"curies":[{"name":"wp","href":"https:\/\/api.w.org\/{rel}","templated":true}]}}