{"id":140,"date":"2011-08-11T12:06:41","date_gmt":"2011-08-11T14:06:41","guid":{"rendered":"http:\/\/www.encontramogimirim.com.br\/noticias\/?p=140"},"modified":"2013-08-15T12:29:05","modified_gmt":"2013-08-15T14:29:05","slug":"2%c2%aa-fase-da-campanha-contra-paralisia-infantil-comeca-sabado-em-mogi-mirim","status":"publish","type":"post","link":"https:\/\/www.encontramogimirim.com.br\/noticias\/2%c2%aa-fase-da-campanha-contra-paralisia-infantil-comeca-sabado-em-mogi-mirim\/","title":{"rendered":"2\u00aa fase da campanha contra paralisia infantil come\u00e7a s\u00e1bado em Mogi Mirim"},"content":{"rendered":"<p>O Departamento de Sa\u00fade da cidade Mogi Mirim vai iniciar no pr\u00f3ximo s\u00e1bado, dia 13, a 2\u00aa fase campanha de vacina\u00e7\u00e3o contra a poliomielite.A campanha se estende at\u00e9 o dia 1\u00ba de setembro.<\/p>\n<p>As 11 Unidades B\u00e1sicas de Sa\u00fade (UBS) estar\u00e3o prestando atendimento das 08h00 \u00e0s 17h00. \u00a0Haver\u00e1, ainda, postos volantes distribu\u00eddos por toda a cidade.<\/p>\n<p>Os pontos ser\u00e3o: nas escolas municipais EMEB \u201cGeraldo Alves Pinheiro\u201d, no Linda Chaib e EMEB \u201cProf\u00aa. Altair Rosa Corsi Costa\u201d, no Parque Imprensa, os supermercados Carrefour Bairro e os tr\u00eas Lavap\u00e9s, na Vila Bianchi, Tucura e Vila Dias, nas igrejas Capela de S\u00e3o Judas e Provid\u00eancia de Maria, na entidade assistencial Alma Mater e na Pra\u00e7a Rui Barbosa.<\/p>\n<p>Crian\u00e7as com idades entre 0 e 5 anos ter\u00e3o de receber a dose da vacina contra a paralisia infantil. Na cidade, s\u00e3o 7.390 crian\u00e7as.<\/p>\n<p>A primeira fase foi realizada no m\u00eas junho. Neste per\u00edodo, segundo a enfermeira da Vigil\u00e2ncia Sanit\u00e1ria, Joalice Penna, Mogi Mirim conseguiu ultrapassar a meta e atendeu 98% do p\u00fablico alvo.<\/p>\n<p><em>Fonte: Prefeitura de Mogi Mirim<\/em><\/p>\n","protected":false},"excerpt":{"rendered":"<p>O Departamento de Sa\u00fade da cidade Mogi Mirim vai iniciar no pr\u00f3ximo s\u00e1bado, dia 13, a 2\u00aa fase campanha de vacina\u00e7\u00e3o contra a poliomielite.A campanha se estende at\u00e9 o dia 1\u00ba de setembro. As 11 Unidades B\u00e1sicas de Sa\u00fade (UBS) estar\u00e3o prestando atendimento das 08h00 \u00e0s 17h00. \u00a0Haver\u00e1, ainda, postos volantes distribu\u00eddos por toda a [&hellip;]<\/p>\n","protected":false},"author":1,"featured_media":0,"comment_status":"open","ping_status":"open","sticky":false,"template":"","format":"standard","meta":{"footnotes":""},"categories":[6],"tags":[14],"class_list":["post-140","post","type-post","status-publish","format-standard","hentry","category-noticias","tag-mogi-mirim"],"_links":{"self":[{"href":"https:\/\/www.encontramogimirim.com.br\/noticias\/wp-json\/wp\/v2\/posts\/140","targetHints":{"allow":["GET"]}}],"collection":[{"href":"https:\/\/www.encontramogimirim.com.br\/noticias\/wp-json\/wp\/v2\/posts"}],"about":[{"href":"https:\/\/www.encontramogimirim.com.br\/noticias\/wp-json\/wp\/v2\/types\/post"}],"author":[{"embeddable":true,"href":"https:\/\/www.encontramogimirim.com.br\/noticias\/wp-json\/wp\/v2\/users\/1"}],"replies":[{"embeddable":true,"href":"https:\/\/www.encontramogimirim.com.br\/noticias\/wp-json\/wp\/v2\/comments?post=140"}],"version-history":[{"count":2,"href":"https:\/\/www.encontramogimirim.com.br\/noticias\/wp-json\/wp\/v2\/posts\/140\/revisions"}],"predecessor-version":[{"id":1091,"href":"https:\/\/www.encontramogimirim.com.br\/noticias\/wp-json\/wp\/v2\/posts\/140\/revisions\/1091"}],"wp:attachment":[{"href":"https:\/\/www.encontramogimirim.com.br\/noticias\/wp-json\/wp\/v2\/media?parent=140"}],"wp:term":[{"taxonomy":"category","embeddable":true,"href":"https:\/\/www.encontramogimirim.com.br\/noticias\/wp-json\/wp\/v2\/categories?post=140"},{"taxonomy":"post_tag","embeddable":true,"href":"https:\/\/www.encontramogimirim.com.br\/noticias\/wp-json\/wp\/v2\/tags?post=140"}],"curies":[{"name":"wp","href":"https:\/\/api.w.org\/{rel}","templated":true}]}}