{"id":144,"date":"2011-08-16T13:15:07","date_gmt":"2011-08-16T15:15:07","guid":{"rendered":"http:\/\/www.encontramogimirim.com.br\/noticias\/?p=144"},"modified":"2011-08-16T13:15:07","modified_gmt":"2011-08-16T15:15:07","slug":"vigilancia-nao-confirma-morte-por-meningite-em-mogi-mirim","status":"publish","type":"post","link":"https:\/\/www.encontramogimirim.com.br\/noticias\/vigilancia-nao-confirma-morte-por-meningite-em-mogi-mirim\/","title":{"rendered":"Vigil\u00e2ncia n\u00e3o confirma morte por meningite em Mogi Mirim"},"content":{"rendered":"<p>A informa\u00e7\u00e3o de que uma jovem mogimiriana de 15 anos faleceu em decorr\u00eancia de meningite meningoc\u00f3cica foi negada pela Vigil\u00e2ncia Epidemiol\u00f3gica na \u00faltima semana.<\/p>\n<p>Sem dar detalhes sobre o falecimento, a enfermeira respons\u00e1vel pela Vigil\u00e2ncia, Joalice Penna, negou que a morte tenha sido causada por meningite e afirmou que o parecer oficial seria divulgado pela assessoria de imprensa da prefeitura.<\/p>\n<p>As informa\u00e7\u00f5es da assessoria esclarecem que a Vigil\u00e2ncia iniciou o procedimento de rotina para investigar a morte da adolescente. O resultado depende da conclus\u00e3o do processo, mas, ainda segundo a assessoria, an\u00e1lises preliminares apontam que a causa da morte n\u00e3o foi por meningite nem viral nem meningog\u00f3cica. A causa ser\u00e1 divulgada no final da investiga\u00e7\u00e3o.<\/p>\n<p>A jovem faleceu no in\u00edcio da \u00faltima semana na Santa Casa de Miseric\u00f3rdia de Mogi Mirim. A assessoria de imprensa do hospital confirma que foi levantada a suspeita de meningite meningoc\u00f3cica, mas deixa claro que n\u00e3o \u00e9 poss\u00edvel confirmar o fato at\u00e9 o momento. O nome da jovem n\u00e3o foi divulgado, mas a informa\u00e7\u00e3o obtida pela reportagem \u00e9 de que ela seria estudante da Escola Estadual Coronel Ven\u00e2ncio.<\/p>\n<p>OFICIAL<\/p>\n<p>O \u00fanico caso de meningite menigoc\u00f3cica confirmado pela Vigil\u00e2ncia Epidemiol\u00f3gica \u00e9 de um beb\u00ea menor de um ano, que j\u00e1 recebeu o tratamento na Santa Casa e passa bem.<\/p>\n<p>Nos meses mais quentes, \u00e9 comum o desenvolvimento de meningites virais, forma mais branda da doen\u00e7a.<\/p>\n<p>A meningite meningoc\u00f3cica \u00e9 causada pela bact\u00e9ria Neisseria intracelullaris e \u00e9 a forma mais agressiva da doen\u00e7a, j\u00e1 quem tem evolu\u00e7\u00e3o r\u00e1pida e f\u00e1cil transmiss\u00e3o. Os sintomas incluem febre, dor de cabe\u00e7a, v\u00f4mito, pesco\u00e7o r\u00edgido e erup\u00e7\u00f5es cut\u00e2neas. A transmiss\u00e3o acontece atrav\u00e9s de contato direto com secre\u00e7\u00f5es da garganta e nariz de pessoas portadoras.<\/p>\n<p><em>Fonte: A Comarca<\/em><\/p>\n","protected":false},"excerpt":{"rendered":"<p>A informa\u00e7\u00e3o de que uma jovem mogimiriana de 15 anos faleceu em decorr\u00eancia de meningite meningoc\u00f3cica foi negada pela Vigil\u00e2ncia Epidemiol\u00f3gica na \u00faltima semana. Sem dar detalhes sobre o falecimento, a enfermeira respons\u00e1vel pela Vigil\u00e2ncia, Joalice Penna, negou que a morte tenha sido causada por meningite e afirmou que o parecer oficial seria divulgado pela [&hellip;]<\/p>\n","protected":false},"author":1,"featured_media":0,"comment_status":"open","ping_status":"open","sticky":false,"template":"","format":"standard","meta":{"footnotes":""},"categories":[6],"tags":[14],"class_list":["post-144","post","type-post","status-publish","format-standard","hentry","category-noticias","tag-mogi-mirim"],"_links":{"self":[{"href":"https:\/\/www.encontramogimirim.com.br\/noticias\/wp-json\/wp\/v2\/posts\/144","targetHints":{"allow":["GET"]}}],"collection":[{"href":"https:\/\/www.encontramogimirim.com.br\/noticias\/wp-json\/wp\/v2\/posts"}],"about":[{"href":"https:\/\/www.encontramogimirim.com.br\/noticias\/wp-json\/wp\/v2\/types\/post"}],"author":[{"embeddable":true,"href":"https:\/\/www.encontramogimirim.com.br\/noticias\/wp-json\/wp\/v2\/users\/1"}],"replies":[{"embeddable":true,"href":"https:\/\/www.encontramogimirim.com.br\/noticias\/wp-json\/wp\/v2\/comments?post=144"}],"version-history":[{"count":1,"href":"https:\/\/www.encontramogimirim.com.br\/noticias\/wp-json\/wp\/v2\/posts\/144\/revisions"}],"predecessor-version":[{"id":145,"href":"https:\/\/www.encontramogimirim.com.br\/noticias\/wp-json\/wp\/v2\/posts\/144\/revisions\/145"}],"wp:attachment":[{"href":"https:\/\/www.encontramogimirim.com.br\/noticias\/wp-json\/wp\/v2\/media?parent=144"}],"wp:term":[{"taxonomy":"category","embeddable":true,"href":"https:\/\/www.encontramogimirim.com.br\/noticias\/wp-json\/wp\/v2\/categories?post=144"},{"taxonomy":"post_tag","embeddable":true,"href":"https:\/\/www.encontramogimirim.com.br\/noticias\/wp-json\/wp\/v2\/tags?post=144"}],"curies":[{"name":"wp","href":"https:\/\/api.w.org\/{rel}","templated":true}]}}