{"id":146,"date":"2011-08-16T13:17:14","date_gmt":"2011-08-16T15:17:14","guid":{"rendered":"http:\/\/www.encontramogimirim.com.br\/noticias\/?p=146"},"modified":"2013-08-15T12:29:06","modified_gmt":"2013-08-15T14:29:06","slug":"mogi-mirim-funcionamento-do-cesei-e-prometido-para-40-dias","status":"publish","type":"post","link":"https:\/\/www.encontramogimirim.com.br\/noticias\/mogi-mirim-funcionamento-do-cesei-e-prometido-para-40-dias\/","title":{"rendered":"Mogi Mirim: funcionamento do Cesei \u00e9 prometido para 40 dias"},"content":{"rendered":"<p>O Cesei (Centro Estadual de Sa\u00fade e Educa\u00e7\u00e3o Inclusiva) \u201cMonsenhor Jos\u00e9 Nardin\u201d, constru\u00eddo \u00e0 Rua Pedro Simoso, no Jardim Sa\u00fade, na zona Oeste da cidade Mogi Mirim, entrar\u00e1 em funcionamento em 40 dias.\u00a0A previs\u00e3o foi dada a partir do acordo de que a Secretaria de Sa\u00fade assumir\u00e1 o custeio dos servi\u00e7os e a Secretaria dos Direitos da Pessoa com Defici\u00eancia ficar\u00e1 respons\u00e1vel pela gest\u00e3o.<\/p>\n<p>A informa\u00e7\u00e3o foi prestada pelo deputado Barros Munhoz (PSDB), presidente da Assembl\u00e9ia Legislativa. \u00a0A vice-prefeita em exerc\u00edcio Fl\u00e1via Rossi vai adotar as provid\u00eancias para ser fechado o acordo entre o Munic\u00edpio e as secretarias estaduais.<\/p>\n<p>O Cesei prestar\u00e1 atendimento especializado a pessoas com defici\u00eancia e idosos por meio de atividades de reabilita\u00e7\u00e3o, lazer e cursos profissionalizantes para os pacientes.\u00a0A unidade contar\u00e1 com sete oficinas terap\u00eauticas.<\/p>\n<p>Apesar das obras terem sido conclu\u00eddas em abril, havia um impasse sobre a administra\u00e7\u00e3o do novo modelo de centro de sa\u00fade.\u00a0Ainda ser\u00e1 necess\u00e1rio formalizar a autoriza\u00e7\u00e3o da Secretaria da Sa\u00fade para que a Secretaria da Pessoa com Defici\u00eancia, por meio da Rede Lucy Montoro, assuma a gest\u00e3o da unidade, informou Munhoz.<\/p>\n<p>O Cesei \u00e9 constitu\u00eddo por quatro pr\u00e9dios com sete salas de atividades, um audit\u00f3rio, setor administrativo e um gin\u00e1sio de esportes. O investimento foi de R$ 3 milh\u00f5es.\u00a0Primeiro do estado n\u00e3o vinculado a hospital, ser\u00e1 destinado a idosos e pessoas em fase de recupera\u00e7\u00e3o p\u00f3s-cir\u00fargica ou que possuam algum tipo de defici\u00eancia.<\/p>\n<p>Todas as instala\u00e7\u00f5es s\u00e3o adaptadas para permitir a circula\u00e7\u00e3o plena dos internos.\u00a0A meta \u00e9 tamb\u00e9m oferecer tratamento a deficientes visuais, auditivos, f\u00edsicos e mentais da cidade e regi\u00e3o.<\/p>\n<p><em>Fonte: O Popular<\/em><\/p>\n","protected":false},"excerpt":{"rendered":"<p>O Cesei (Centro Estadual de Sa\u00fade e Educa\u00e7\u00e3o Inclusiva) \u201cMonsenhor Jos\u00e9 Nardin\u201d, constru\u00eddo \u00e0 Rua Pedro Simoso, no Jardim Sa\u00fade, na zona Oeste da cidade Mogi Mirim, entrar\u00e1 em funcionamento em 40 dias.\u00a0A previs\u00e3o foi dada a partir do acordo de que a Secretaria de Sa\u00fade assumir\u00e1 o custeio dos servi\u00e7os e a Secretaria dos [&hellip;]<\/p>\n","protected":false},"author":1,"featured_media":0,"comment_status":"open","ping_status":"open","sticky":false,"template":"","format":"standard","meta":{"footnotes":""},"categories":[6],"tags":[14],"class_list":["post-146","post","type-post","status-publish","format-standard","hentry","category-noticias","tag-mogi-mirim"],"_links":{"self":[{"href":"https:\/\/www.encontramogimirim.com.br\/noticias\/wp-json\/wp\/v2\/posts\/146","targetHints":{"allow":["GET"]}}],"collection":[{"href":"https:\/\/www.encontramogimirim.com.br\/noticias\/wp-json\/wp\/v2\/posts"}],"about":[{"href":"https:\/\/www.encontramogimirim.com.br\/noticias\/wp-json\/wp\/v2\/types\/post"}],"author":[{"embeddable":true,"href":"https:\/\/www.encontramogimirim.com.br\/noticias\/wp-json\/wp\/v2\/users\/1"}],"replies":[{"embeddable":true,"href":"https:\/\/www.encontramogimirim.com.br\/noticias\/wp-json\/wp\/v2\/comments?post=146"}],"version-history":[{"count":2,"href":"https:\/\/www.encontramogimirim.com.br\/noticias\/wp-json\/wp\/v2\/posts\/146\/revisions"}],"predecessor-version":[{"id":1093,"href":"https:\/\/www.encontramogimirim.com.br\/noticias\/wp-json\/wp\/v2\/posts\/146\/revisions\/1093"}],"wp:attachment":[{"href":"https:\/\/www.encontramogimirim.com.br\/noticias\/wp-json\/wp\/v2\/media?parent=146"}],"wp:term":[{"taxonomy":"category","embeddable":true,"href":"https:\/\/www.encontramogimirim.com.br\/noticias\/wp-json\/wp\/v2\/categories?post=146"},{"taxonomy":"post_tag","embeddable":true,"href":"https:\/\/www.encontramogimirim.com.br\/noticias\/wp-json\/wp\/v2\/tags?post=146"}],"curies":[{"name":"wp","href":"https:\/\/api.w.org\/{rel}","templated":true}]}}