{"id":148,"date":"2011-08-16T13:20:40","date_gmt":"2011-08-16T15:20:40","guid":{"rendered":"http:\/\/www.encontramogimirim.com.br\/noticias\/?p=148"},"modified":"2013-08-15T12:29:06","modified_gmt":"2013-08-15T14:29:06","slug":"prefeitura-de-mogi-mirim-vai-ceder-area-para-inss-e-ministerio-publico","status":"publish","type":"post","link":"https:\/\/www.encontramogimirim.com.br\/noticias\/prefeitura-de-mogi-mirim-vai-ceder-area-para-inss-e-ministerio-publico\/","title":{"rendered":"Prefeitura de Mogi Mirim vai ceder \u00e1rea para INSS e Minist\u00e9rio P\u00fablico"},"content":{"rendered":"<div id=\"_mcePaste\">A \u00e1rea desocupada em frente ao clube Mogiano, na Vila S\u00e3o Jos\u00e9, cidade de Mogi Mirim, pode receber dois\u00a0empreendimentos p\u00fablicos.\u00a0A Prefeita Municipal em exerc\u00edcio, Fl\u00e1via Rossi, encaminhou ao Legislativo projetos de lei que\u00a0permite a doa\u00e7\u00e3o de parte do terreno. Para que a lei entre em vigor \u00e9 necess\u00e1ria a aprova\u00e7\u00e3o\u00a0dos vereadores.<\/div>\n<p><div>Uma \u00e1rea de aproximadamente dois mil metros quadrados deve ser destinada \u00e0 constru\u00e7\u00e3o de\u00a0nova ag\u00eancia da Previd\u00eancia Social.\u00a0O projeto de lei atende ao pedido do Instituto Nacional do Seguro Social (INSS) que solicitou\u00a0terreno para constru\u00e7\u00e3o de nova sede no munic\u00edpio.\u00a0A ag\u00eancia atual, localizada na Central de Servi\u00e7os P\u00fablicos, apresenta defici\u00eancia na estrutura,\u00a0como a falta de espa\u00e7o ideal para atendimento.<\/div>\n<p><div>Outra \u00e1rea com cerca de tr\u00eas mil metros vai ser doada ao Minist\u00e9rio P\u00fablico do Estado de S\u00e3o\u00a0Paulo. Atualmente, a Promotoria P\u00fablica n\u00e3o possui sede pr\u00f3pria, pois, encontra-se em im\u00f3vel\u00a0alugado ao lado do F\u00f3rum.\u00a0As duas institui\u00e7\u00f5es p\u00fablicas ter\u00e3o, de acordo com a lei, prazo de 12 meses para in\u00edcio das\u00a0constru\u00e7\u00f5es e o limite de tr\u00eas anos para conclus\u00e3o das obras, depois de publicada a lei.<\/div>\n<p><div>\u00c0 Prefeitura n\u00e3o caber\u00e1 qualquer custo. O investimento ser\u00e1 de responsabilidade dos referidos\u00a0\u00f3rg\u00e3os p\u00fablicos que obtiveram a doa\u00e7\u00e3o dos terrenos.<\/div>\n<p><div><em>Fonte: Prefeitura de Mogi Mirim<\/em><\/div>\n","protected":false},"excerpt":{"rendered":"<p>A \u00e1rea desocupada em frente ao clube Mogiano, na Vila S\u00e3o Jos\u00e9, cidade de Mogi Mirim, pode receber dois\u00a0empreendimentos p\u00fablicos.\u00a0A Prefeita Municipal em exerc\u00edcio, Fl\u00e1via Rossi, encaminhou ao Legislativo projetos de lei que\u00a0permite a doa\u00e7\u00e3o de parte do terreno. Para que a lei entre em vigor \u00e9 necess\u00e1ria a aprova\u00e7\u00e3o\u00a0dos vereadores. Uma \u00e1rea de aproximadamente [&hellip;]<\/p>\n","protected":false},"author":1,"featured_media":0,"comment_status":"open","ping_status":"open","sticky":false,"template":"","format":"standard","meta":{"footnotes":""},"categories":[6],"tags":[14],"class_list":["post-148","post","type-post","status-publish","format-standard","hentry","category-noticias","tag-mogi-mirim"],"_links":{"self":[{"href":"https:\/\/www.encontramogimirim.com.br\/noticias\/wp-json\/wp\/v2\/posts\/148","targetHints":{"allow":["GET"]}}],"collection":[{"href":"https:\/\/www.encontramogimirim.com.br\/noticias\/wp-json\/wp\/v2\/posts"}],"about":[{"href":"https:\/\/www.encontramogimirim.com.br\/noticias\/wp-json\/wp\/v2\/types\/post"}],"author":[{"embeddable":true,"href":"https:\/\/www.encontramogimirim.com.br\/noticias\/wp-json\/wp\/v2\/users\/1"}],"replies":[{"embeddable":true,"href":"https:\/\/www.encontramogimirim.com.br\/noticias\/wp-json\/wp\/v2\/comments?post=148"}],"version-history":[{"count":3,"href":"https:\/\/www.encontramogimirim.com.br\/noticias\/wp-json\/wp\/v2\/posts\/148\/revisions"}],"predecessor-version":[{"id":1094,"href":"https:\/\/www.encontramogimirim.com.br\/noticias\/wp-json\/wp\/v2\/posts\/148\/revisions\/1094"}],"wp:attachment":[{"href":"https:\/\/www.encontramogimirim.com.br\/noticias\/wp-json\/wp\/v2\/media?parent=148"}],"wp:term":[{"taxonomy":"category","embeddable":true,"href":"https:\/\/www.encontramogimirim.com.br\/noticias\/wp-json\/wp\/v2\/categories?post=148"},{"taxonomy":"post_tag","embeddable":true,"href":"https:\/\/www.encontramogimirim.com.br\/noticias\/wp-json\/wp\/v2\/tags?post=148"}],"curies":[{"name":"wp","href":"https:\/\/api.w.org\/{rel}","templated":true}]}}