{"id":153,"date":"2011-08-18T14:06:14","date_gmt":"2011-08-18T16:06:14","guid":{"rendered":"http:\/\/www.encontramogimirim.com.br\/noticias\/?p=153"},"modified":"2013-08-15T12:29:06","modified_gmt":"2013-08-15T14:29:06","slug":"briga-e-agressao-a-professora-engrossam-ocorrencias-em-mogi-mirim","status":"publish","type":"post","link":"https:\/\/www.encontramogimirim.com.br\/noticias\/briga-e-agressao-a-professora-engrossam-ocorrencias-em-mogi-mirim\/","title":{"rendered":"Briga e agress\u00e3o \u00e0 professora engrossam ocorr\u00eancias em Mogi Mirim"},"content":{"rendered":"<p>A viol\u00eancia escolar parece j\u00e1 ser rotina nas escolas da cidade Mogi Mirim. Dois novos casos foram registrados essa semana nas escolas estaduais Coronel Ven\u00e2ncio e Rodrigues Alves.\u00a0Dois estudantes de 12 e 17 anos, da escola Coronel Ven\u00e2ncio, se envolveram em uma confus\u00e3o e a informa\u00e7\u00e3o inicial era de que um deles portava uma faca. O caso foi registrado na Delegacia de Pol\u00edcia Central.<\/p>\n<p>A diretora da Coronel Ven\u00e2ncio, Luciana Matsumori, classificou o epis\u00f3dio como \u2018desaven\u00e7a\u2019 e negou que qualquer um dos estudantes estivesse portanto arma branca. \u201cOs alunos ser\u00e3o punidos conforme determina o regimento escolar\u201d, disse. Apesar da negativa, a pol\u00edcia de fato apreendeu uma faca com um dos alunos.<\/p>\n<p>A m\u00e3e de um dos estudantes envolvidos foi ouvida pela reportagem de A Comarca ap\u00f3s o registro do boletim de ocorr\u00eancia. Ela afirmou que a briga foi motivada por desaven\u00e7as entre gangues e que o filho foi envolvido na confus\u00e3o.<br \/>\nNo momento em que aguardava informa\u00e7\u00f5es sobre o caso de agress\u00e3o ocorrido no Coronel Ven\u00e2ncio, a reportagem presenciou a chegada de uma professora da escola Rodrigues Alves v\u00edtima de tentativa de agress\u00e3o \u00e0 delegacia de pol\u00edcia.<\/p>\n<p>Em estado de choque, a professora relatou que um estudante lan\u00e7ou uma cadeira contra ela, na tentativa de agredi-la. O comportamento do estudante aconteceu depois que a professora cobrou a realiza\u00e7\u00e3o de uma atividade solicitada. \u201cS\u00f3 n\u00e3o fiquei machucada porque tive o impulso de me esquivar. Em 12 anos de profiss\u00e3o, isso nunca me aconteceu. N\u00e3o posso deixar de cobrar os alunos por medo\u201d, desabafa a professora, que preferiu n\u00e3o ter o nome divulgado.<\/p>\n<p>Segundo ela, o estudante continuou a fazer amea\u00e7as quando foi encaminhado \u00e0 diretoria da escola. \u201cEle afirmou que eu n\u00e3o estou arrumando briga com um s\u00f3, mas com um bairro inteiro\u201d, disse. Ela conta ainda que o estudante frequentava o segundo dia de aula na Rodrigues Alves, tendo sido transferido da escola S\u00e3o Judas Tadeu, de onde foi expulso recentemente.<\/p>\n<p>O aluno apontado como autor da a\u00e7\u00e3o tem 15 anos e deu sinais de comportamento agressivo enquanto os policiais tentavam apurar os fatos. O adolescente tentou reagir e se esquivar dos PM\u2019s, mas foi controlado, enquanto a m\u00e3e entrava em desespero por assistir a rea\u00e7\u00e3o do filho.<\/p>\n<p>A m\u00e3e do menor afirmou \u00e0 reportagem que o filho vem apresentando agressividade em raz\u00e3o de rem\u00e9dios controlados que toma para amenizar transtornos psicol\u00f3gicos. Ela confirmou que o aluno foi expulso recentemente da escola S\u00e3o Judas Tadeu, na zona norte, porque estaria sendo amea\u00e7ado por outros estudantes, segundo ela.<\/p>\n<p><em>Fonte: A Comarca<\/em><\/p>\n","protected":false},"excerpt":{"rendered":"<p>A viol\u00eancia escolar parece j\u00e1 ser rotina nas escolas da cidade Mogi Mirim. Dois novos casos foram registrados essa semana nas escolas estaduais Coronel Ven\u00e2ncio e Rodrigues Alves.\u00a0Dois estudantes de 12 e 17 anos, da escola Coronel Ven\u00e2ncio, se envolveram em uma confus\u00e3o e a informa\u00e7\u00e3o inicial era de que um deles portava uma faca. [&hellip;]<\/p>\n","protected":false},"author":1,"featured_media":0,"comment_status":"open","ping_status":"open","sticky":false,"template":"","format":"standard","meta":{"footnotes":""},"categories":[6],"tags":[14],"class_list":["post-153","post","type-post","status-publish","format-standard","hentry","category-noticias","tag-mogi-mirim"],"_links":{"self":[{"href":"https:\/\/www.encontramogimirim.com.br\/noticias\/wp-json\/wp\/v2\/posts\/153","targetHints":{"allow":["GET"]}}],"collection":[{"href":"https:\/\/www.encontramogimirim.com.br\/noticias\/wp-json\/wp\/v2\/posts"}],"about":[{"href":"https:\/\/www.encontramogimirim.com.br\/noticias\/wp-json\/wp\/v2\/types\/post"}],"author":[{"embeddable":true,"href":"https:\/\/www.encontramogimirim.com.br\/noticias\/wp-json\/wp\/v2\/users\/1"}],"replies":[{"embeddable":true,"href":"https:\/\/www.encontramogimirim.com.br\/noticias\/wp-json\/wp\/v2\/comments?post=153"}],"version-history":[{"count":2,"href":"https:\/\/www.encontramogimirim.com.br\/noticias\/wp-json\/wp\/v2\/posts\/153\/revisions"}],"predecessor-version":[{"id":1095,"href":"https:\/\/www.encontramogimirim.com.br\/noticias\/wp-json\/wp\/v2\/posts\/153\/revisions\/1095"}],"wp:attachment":[{"href":"https:\/\/www.encontramogimirim.com.br\/noticias\/wp-json\/wp\/v2\/media?parent=153"}],"wp:term":[{"taxonomy":"category","embeddable":true,"href":"https:\/\/www.encontramogimirim.com.br\/noticias\/wp-json\/wp\/v2\/categories?post=153"},{"taxonomy":"post_tag","embeddable":true,"href":"https:\/\/www.encontramogimirim.com.br\/noticias\/wp-json\/wp\/v2\/tags?post=153"}],"curies":[{"name":"wp","href":"https:\/\/api.w.org\/{rel}","templated":true}]}}