{"id":158,"date":"2011-08-23T11:11:01","date_gmt":"2011-08-23T13:11:01","guid":{"rendered":"http:\/\/www.encontramogimirim.com.br\/noticias\/?p=158"},"modified":"2011-08-23T11:11:01","modified_gmt":"2011-08-23T13:11:01","slug":"pac-garante-coletores-de-esgoto-da-zona-norte-de-mogi-mirim","status":"publish","type":"post","link":"https:\/\/www.encontramogimirim.com.br\/noticias\/pac-garante-coletores-de-esgoto-da-zona-norte-de-mogi-mirim\/","title":{"rendered":"PAC garante coletores de esgoto da zona norte de Mogi Mirim"},"content":{"rendered":"<p>At\u00e9 janeiro, parte da zona norte de Mogi Mirim come\u00e7ar\u00e1 a receber os coletores troncos do tratamento de esgoto, conforme previs\u00e3o do presidente do Saae (Servi\u00e7o Aut\u00f4nomo de \u00c1gua e Esgotos), Luiz Rodrigo Sernaglia.<\/p>\n<p>O projeto ser\u00e1 custeado com R$ 1.84 milh\u00e3o do PAC II (Programa de Acelera\u00e7\u00e3o do Crescimento). O contrato foi assinado quinta-feira. A Prefeitura n\u00e3o precisar\u00e1 oferecer contrapartida.<\/p>\n<p>Os coletores da zona Norte fazem parte dos coletores secund\u00e1rios, que ficaram sob a responsabilidade do Saae.<\/p>\n<p>Eles ser\u00e3o instalados em trecho de quatro quil\u00f4metros, nos jardins Flamboyant, Silv\u00e2nia, Bicenten\u00e1rio, Santa Clara, Scomparin, Paulista e Murayama III.<\/p>\n<p>Al\u00e9m do contrato do PAC II, a vice-prefeita em exerc\u00edcio Fl\u00e1via Rossi tamb\u00e9m assinou a ades\u00e3o ao programa \u201cMinha Casa, Minha Vida 2\u201d.<\/p>\n<p>Ainda n\u00e3o h\u00e1 previs\u00e3o de quando casas ser\u00e3o constru\u00eddas. As 352 moradias da primeira edi\u00e7\u00e3o do programa, em execu\u00e7\u00e3o no Jardim Planalto, devem ser entregues at\u00e9 dezembro.<\/p>\n<p><em>Fonte: O Popular<\/em><\/p>\n","protected":false},"excerpt":{"rendered":"<p>At\u00e9 janeiro, parte da zona norte de Mogi Mirim come\u00e7ar\u00e1 a receber os coletores troncos do tratamento de esgoto, conforme previs\u00e3o do presidente do Saae (Servi\u00e7o Aut\u00f4nomo de \u00c1gua e Esgotos), Luiz Rodrigo Sernaglia. O projeto ser\u00e1 custeado com R$ 1.84 milh\u00e3o do PAC II (Programa de Acelera\u00e7\u00e3o do Crescimento). O contrato foi assinado quinta-feira. [&hellip;]<\/p>\n","protected":false},"author":1,"featured_media":0,"comment_status":"open","ping_status":"open","sticky":false,"template":"","format":"standard","meta":{"footnotes":""},"categories":[6],"tags":[14],"class_list":["post-158","post","type-post","status-publish","format-standard","hentry","category-noticias","tag-mogi-mirim"],"_links":{"self":[{"href":"https:\/\/www.encontramogimirim.com.br\/noticias\/wp-json\/wp\/v2\/posts\/158","targetHints":{"allow":["GET"]}}],"collection":[{"href":"https:\/\/www.encontramogimirim.com.br\/noticias\/wp-json\/wp\/v2\/posts"}],"about":[{"href":"https:\/\/www.encontramogimirim.com.br\/noticias\/wp-json\/wp\/v2\/types\/post"}],"author":[{"embeddable":true,"href":"https:\/\/www.encontramogimirim.com.br\/noticias\/wp-json\/wp\/v2\/users\/1"}],"replies":[{"embeddable":true,"href":"https:\/\/www.encontramogimirim.com.br\/noticias\/wp-json\/wp\/v2\/comments?post=158"}],"version-history":[{"count":1,"href":"https:\/\/www.encontramogimirim.com.br\/noticias\/wp-json\/wp\/v2\/posts\/158\/revisions"}],"predecessor-version":[{"id":159,"href":"https:\/\/www.encontramogimirim.com.br\/noticias\/wp-json\/wp\/v2\/posts\/158\/revisions\/159"}],"wp:attachment":[{"href":"https:\/\/www.encontramogimirim.com.br\/noticias\/wp-json\/wp\/v2\/media?parent=158"}],"wp:term":[{"taxonomy":"category","embeddable":true,"href":"https:\/\/www.encontramogimirim.com.br\/noticias\/wp-json\/wp\/v2\/categories?post=158"},{"taxonomy":"post_tag","embeddable":true,"href":"https:\/\/www.encontramogimirim.com.br\/noticias\/wp-json\/wp\/v2\/tags?post=158"}],"curies":[{"name":"wp","href":"https:\/\/api.w.org\/{rel}","templated":true}]}}