{"id":162,"date":"2011-08-23T11:15:50","date_gmt":"2011-08-23T13:15:50","guid":{"rendered":"http:\/\/www.encontramogimirim.com.br\/noticias\/?p=162"},"modified":"2011-08-23T11:15:50","modified_gmt":"2011-08-23T13:15:50","slug":"sem-hora-extra-para-motoristas-ambulancias-reduzem-ritmo-de-atendimento-em-mogi-mirim","status":"publish","type":"post","link":"https:\/\/www.encontramogimirim.com.br\/noticias\/sem-hora-extra-para-motoristas-ambulancias-reduzem-ritmo-de-atendimento-em-mogi-mirim\/","title":{"rendered":"Sem hora extra para motoristas, ambul\u00e2ncias reduzem ritmo de atendimento em Mogi Mirim"},"content":{"rendered":"<p>O servi\u00e7o de atendimento de ambul\u00e2ncias do Departamento de Sa\u00fade est\u00e1 comprometido com a defasagem de pagamento de horas extras aos motoristas do Setor de Transportes. \u00a0Na Prefeitura de Mogi Mirim, h\u00e1 um limite de at\u00e9 60 horas mensais. Acima disso, como ocorre com os profissionais da Sa\u00fade, passa a ser acumulado. O total da d\u00edvida trabalhista com esses funcion\u00e1rios ainda est\u00e1 em levantamento.<\/p>\n<p>A solu\u00e7\u00e3o encontrada pela Prefeitura para contornar o problema de atendimento das ambul\u00e2ncias \u00e9 abrir novas vagas atrav\u00e9s de concurso p\u00fablico. \u00a0A licita\u00e7\u00e3o para contratar uma empresa que realizar\u00e1 essa sele\u00e7\u00e3o ser\u00e1 feita at\u00e9 o final deste m\u00eas. A expectativa \u00e9 que os novos motoristas estejam trabalhando at\u00e9 o final do ano.<\/p>\n<p>O atendimento \u00e0 popula\u00e7\u00e3o n\u00e3o est\u00e1 totalmente suspenso. Mas, para evitar mais ac\u00famulos de horas extras e n\u00e3o pagamentos, os motoristas est\u00e3o diminuindo o ritmo de trabalho. \u00a0Os hor\u00e1rios de pico no setor de transporte se concentram \u00e0s 7h00 e \u00e0s 12h00.\u00a0Eles tamb\u00e9m n\u00e3o acionaram o Sindicato dos Servidores Municipais para auxiliar em uma poss\u00edvel solu\u00e7\u00e3o.<\/p>\n<p>Informalmente, o presidente do sindicato, Antonio Maciel de Oliveira, o Toninho, procurou o Setor de Transportes e foi informado que os motoristas n\u00e3o pretendiam iniciar uma paralisa\u00e7\u00e3o.\u00a0\u201cEles somente estavam deixando de fazer as horas extras de trabalho\u201d, informou. Como n\u00e3o houve den\u00fancia formal ao sindicato, Toninho disse que a entidade n\u00e3o pode interferir, mas est\u00e1 acompanhando o caso.<\/p>\n<p>No Departamento de Sa\u00fade s\u00e3o 32 os motoristas no Setor de Transporte. Esses profissionais n\u00e3o trabalham exclusivamente com ambul\u00e2ncias e atendem tamb\u00e9m outras demandas do setor.<\/p>\n<p>S\u00e3o 13 ambul\u00e2ncias, n\u00famero considerado suficiente para atender a popula\u00e7\u00e3o.\u00a0Duas delas s\u00e3o exclusivas do servi\u00e7o 192, para os chamados de urg\u00eancia e emerg\u00eancia, no qual seguem-se crit\u00e9rios de real risco de morte para atender as ocorr\u00eancias.<\/p>\n<p><em>Fonte: O Popular<\/em><\/p>\n","protected":false},"excerpt":{"rendered":"<p>O servi\u00e7o de atendimento de ambul\u00e2ncias do Departamento de Sa\u00fade est\u00e1 comprometido com a defasagem de pagamento de horas extras aos motoristas do Setor de Transportes. \u00a0Na Prefeitura de Mogi Mirim, h\u00e1 um limite de at\u00e9 60 horas mensais. Acima disso, como ocorre com os profissionais da Sa\u00fade, passa a ser acumulado. O total da [&hellip;]<\/p>\n","protected":false},"author":1,"featured_media":0,"comment_status":"open","ping_status":"open","sticky":false,"template":"","format":"standard","meta":{"footnotes":""},"categories":[6],"tags":[14],"class_list":["post-162","post","type-post","status-publish","format-standard","hentry","category-noticias","tag-mogi-mirim"],"_links":{"self":[{"href":"https:\/\/www.encontramogimirim.com.br\/noticias\/wp-json\/wp\/v2\/posts\/162","targetHints":{"allow":["GET"]}}],"collection":[{"href":"https:\/\/www.encontramogimirim.com.br\/noticias\/wp-json\/wp\/v2\/posts"}],"about":[{"href":"https:\/\/www.encontramogimirim.com.br\/noticias\/wp-json\/wp\/v2\/types\/post"}],"author":[{"embeddable":true,"href":"https:\/\/www.encontramogimirim.com.br\/noticias\/wp-json\/wp\/v2\/users\/1"}],"replies":[{"embeddable":true,"href":"https:\/\/www.encontramogimirim.com.br\/noticias\/wp-json\/wp\/v2\/comments?post=162"}],"version-history":[{"count":1,"href":"https:\/\/www.encontramogimirim.com.br\/noticias\/wp-json\/wp\/v2\/posts\/162\/revisions"}],"predecessor-version":[{"id":163,"href":"https:\/\/www.encontramogimirim.com.br\/noticias\/wp-json\/wp\/v2\/posts\/162\/revisions\/163"}],"wp:attachment":[{"href":"https:\/\/www.encontramogimirim.com.br\/noticias\/wp-json\/wp\/v2\/media?parent=162"}],"wp:term":[{"taxonomy":"category","embeddable":true,"href":"https:\/\/www.encontramogimirim.com.br\/noticias\/wp-json\/wp\/v2\/categories?post=162"},{"taxonomy":"post_tag","embeddable":true,"href":"https:\/\/www.encontramogimirim.com.br\/noticias\/wp-json\/wp\/v2\/tags?post=162"}],"curies":[{"name":"wp","href":"https:\/\/api.w.org\/{rel}","templated":true}]}}