{"id":167,"date":"2011-08-25T13:09:43","date_gmt":"2011-08-25T15:09:43","guid":{"rendered":"http:\/\/www.encontramogimirim.com.br\/noticias\/?p=167"},"modified":"2013-08-15T12:29:07","modified_gmt":"2013-08-15T14:29:07","slug":"vice-prefeita-de-mogi-mirim-veta-energia-solar-mas-fala-em-aproveitar-ideia","status":"publish","type":"post","link":"https:\/\/www.encontramogimirim.com.br\/noticias\/vice-prefeita-de-mogi-mirim-veta-energia-solar-mas-fala-em-aproveitar-ideia\/","title":{"rendered":"Vice-prefeita de Mogi Mirim veta energia solar, mas fala em aproveitar ideia"},"content":{"rendered":"<p>A vice-prefeita em exerc\u00edcio, Fl\u00e1via Rossi (PPS),encaminhou ao Legislativo mensagem de veto ao projeto de lei 75\/11 que disp\u00f5e sobre instala\u00e7\u00e3o de sistema de aquecimento de \u00e1gua por energia solar nas edifica\u00e7\u00f5es da cidade Mogi Mirim, de autoria do vereador Benedito Jos\u00e9 do Couto, o Dito da Farm\u00e1cia (PV). No material encaminhado aos vereadores, ela destaca que a mat\u00e9ria em quest\u00e3o \u00e9 de compet\u00eancia do Executivo Municipal. Por si s\u00f3, o v\u00edcio na iniciativa inviabiliza a mat\u00e9ria ao qual disse ser de grande valia, por demonstrar preocupa\u00e7\u00e3o com o meio ambiente.<\/p>\n<p>H\u00e1 a necessidade de disponibilizar recurso no or\u00e7amento para a implementa\u00e7\u00e3o de tal pol\u00edtica no munic\u00edpio. A iniciativa ocasionaria aumento nas despesas, sendo que n\u00e3o h\u00e1 qualquer tipo de previs\u00e3o no or\u00e7amento da municipalidade, gerando um impacto no or\u00e7amento. A atual chefe do Executivo destaca na mat\u00e9ria, que n\u00e3o \u00e9 contra a propositura em quest\u00e3o e lembra que o sistema de aquecimento de \u00e1gua por energia solar \u00e9 essencial ao meio ambiente e oferece amplas vantagens no tocante a quest\u00f5es ambientais. Tamb\u00e9m adverte que a proposta foi apresentada de forma err\u00f4nea, j\u00e1 que \u00e9 mat\u00e9ria exclusiva do Executivo e n\u00e3o descartou que a id\u00e9ia poder\u00e1 ser aproveitada oportunamente, ap\u00f3s amplos estudos.<\/p>\n<p><em>Fonte: A Comarca<\/em><\/p>\n","protected":false},"excerpt":{"rendered":"<p>A vice-prefeita em exerc\u00edcio, Fl\u00e1via Rossi (PPS),encaminhou ao Legislativo mensagem de veto ao projeto de lei 75\/11 que disp\u00f5e sobre instala\u00e7\u00e3o de sistema de aquecimento de \u00e1gua por energia solar nas edifica\u00e7\u00f5es da cidade Mogi Mirim, de autoria do vereador Benedito Jos\u00e9 do Couto, o Dito da Farm\u00e1cia (PV). No material encaminhado aos vereadores, ela [&hellip;]<\/p>\n","protected":false},"author":1,"featured_media":0,"comment_status":"open","ping_status":"open","sticky":false,"template":"","format":"standard","meta":{"footnotes":""},"categories":[6],"tags":[14],"class_list":["post-167","post","type-post","status-publish","format-standard","hentry","category-noticias","tag-mogi-mirim"],"_links":{"self":[{"href":"https:\/\/www.encontramogimirim.com.br\/noticias\/wp-json\/wp\/v2\/posts\/167","targetHints":{"allow":["GET"]}}],"collection":[{"href":"https:\/\/www.encontramogimirim.com.br\/noticias\/wp-json\/wp\/v2\/posts"}],"about":[{"href":"https:\/\/www.encontramogimirim.com.br\/noticias\/wp-json\/wp\/v2\/types\/post"}],"author":[{"embeddable":true,"href":"https:\/\/www.encontramogimirim.com.br\/noticias\/wp-json\/wp\/v2\/users\/1"}],"replies":[{"embeddable":true,"href":"https:\/\/www.encontramogimirim.com.br\/noticias\/wp-json\/wp\/v2\/comments?post=167"}],"version-history":[{"count":2,"href":"https:\/\/www.encontramogimirim.com.br\/noticias\/wp-json\/wp\/v2\/posts\/167\/revisions"}],"predecessor-version":[{"id":1099,"href":"https:\/\/www.encontramogimirim.com.br\/noticias\/wp-json\/wp\/v2\/posts\/167\/revisions\/1099"}],"wp:attachment":[{"href":"https:\/\/www.encontramogimirim.com.br\/noticias\/wp-json\/wp\/v2\/media?parent=167"}],"wp:term":[{"taxonomy":"category","embeddable":true,"href":"https:\/\/www.encontramogimirim.com.br\/noticias\/wp-json\/wp\/v2\/categories?post=167"},{"taxonomy":"post_tag","embeddable":true,"href":"https:\/\/www.encontramogimirim.com.br\/noticias\/wp-json\/wp\/v2\/tags?post=167"}],"curies":[{"name":"wp","href":"https:\/\/api.w.org\/{rel}","templated":true}]}}