{"id":181,"date":"2011-09-06T18:12:00","date_gmt":"2011-09-06T20:12:00","guid":{"rendered":"http:\/\/www.encontramogimirim.com.br\/noticias\/?p=181"},"modified":"2013-08-15T12:29:20","modified_gmt":"2013-08-15T14:29:20","slug":"novo-hidrometro-marca-abaixo-do-consumo-em-mogi-mirim","status":"publish","type":"post","link":"https:\/\/www.encontramogimirim.com.br\/noticias\/novo-hidrometro-marca-abaixo-do-consumo-em-mogi-mirim\/","title":{"rendered":"\u2018Novo hidr\u00f4metro\u2019 marca abaixo do consumo em Mogi Mirim"},"content":{"rendered":"<p>O relat\u00f3rio da per\u00edcia feita nos hidr\u00f4metros de guia de Mogi Mirim instalados pelo SAAE (Servi\u00e7o Aut\u00f4nomo de \u00c1gua e Esgoto) foi entregue na \u00faltima segunda-feira \u00e0 justi\u00e7a local. Segundo avalia\u00e7\u00e3o feita pelo perito da Sanasa (Sociedade de Abastecimento de \u00c1gua e Saneamento S\/A), Maur\u00edcio Garcia, a maioria dos medidores est\u00e1 registrando o consumo das resid\u00eancias abaixo do que deveria.<\/p>\n<p>Os testes foram realizados em 20 hidr\u00f4metros no in\u00edcio de julho e durante os trabalhos, Garcia adiantava que os aparelhos estavam apresentando esta desafagem. Dois equipamentos foram testados em Mogi Mirim e outros 18 levados para a bancada de per\u00edcia da Sanasa, em Campinas.<\/p>\n<p>Sem mais detalhes, o perito destaca que todos os dados constavam no relat\u00f3rio que encaminhou \u00e0 justi\u00e7a. Ele adiantou apenas que aproximadamente metade dos aparelhos testados apresentaram falhas, registrando um consumo abaixo do real, sendo que, em muitos casos, o desvio ficou al\u00e9m da toler\u00e2ncia do Inmetro (Instituto Nacional de Metrologia, Normaliza\u00e7\u00e3o e Qualidade Industrial).<\/p>\n<p>A troca dos hidr\u00f4metros faz parte do programa de redu\u00e7\u00e3o de perdas da autarquia. A alega\u00e7\u00e3o \u00e9 de que atualmente, grande parte da \u00e1gua tratada e utilizada na cidade n\u00e3o \u00e9 faturada. Com os hidr\u00f4metros novos, a tend\u00eancia \u00e9 aumentar a quantidade de \u00e1gua cobrada. A expectativa \u00e9 para que a troca dos aparelhos se repita ao longo dos anos.<\/p>\n<p>O promotor, Rog\u00e9rio Fil\u00f3como J\u00fanior, que solicitou a per\u00edcia nos hidr\u00f4metros, tamb\u00e9m preferiu n\u00e3o se posicionar sobre o laudo. Ele explicou que est\u00e1 avaliando do resultado da per\u00edcia e que ir\u00e1 emitir o parecer a respeito da per\u00edcia em conjunto com a promotora Cristiane Corr\u00eaa de Souza Hillal. At\u00e9 o fim da tarde de ontem, a avalia\u00e7\u00e3o dos promotores ainda n\u00e3o estava dispon\u00edvel.<\/p>\n<p>Apesar do parecer, por enquanto, a troca de hidr\u00f4metros continua suspensa na cidade por conta de uma liminar judicial.<\/p>\n<p><em>Fonte: A Comarca<\/em><\/p>\n","protected":false},"excerpt":{"rendered":"<p>O relat\u00f3rio da per\u00edcia feita nos hidr\u00f4metros de guia de Mogi Mirim instalados pelo SAAE (Servi\u00e7o Aut\u00f4nomo de \u00c1gua e Esgoto) foi entregue na \u00faltima segunda-feira \u00e0 justi\u00e7a local. Segundo avalia\u00e7\u00e3o feita pelo perito da Sanasa (Sociedade de Abastecimento de \u00c1gua e Saneamento S\/A), Maur\u00edcio Garcia, a maioria dos medidores est\u00e1 registrando o consumo das [&hellip;]<\/p>\n","protected":false},"author":1,"featured_media":0,"comment_status":"open","ping_status":"open","sticky":false,"template":"","format":"standard","meta":{"footnotes":""},"categories":[6],"tags":[14],"class_list":["post-181","post","type-post","status-publish","format-standard","hentry","category-noticias","tag-mogi-mirim"],"_links":{"self":[{"href":"https:\/\/www.encontramogimirim.com.br\/noticias\/wp-json\/wp\/v2\/posts\/181","targetHints":{"allow":["GET"]}}],"collection":[{"href":"https:\/\/www.encontramogimirim.com.br\/noticias\/wp-json\/wp\/v2\/posts"}],"about":[{"href":"https:\/\/www.encontramogimirim.com.br\/noticias\/wp-json\/wp\/v2\/types\/post"}],"author":[{"embeddable":true,"href":"https:\/\/www.encontramogimirim.com.br\/noticias\/wp-json\/wp\/v2\/users\/1"}],"replies":[{"embeddable":true,"href":"https:\/\/www.encontramogimirim.com.br\/noticias\/wp-json\/wp\/v2\/comments?post=181"}],"version-history":[{"count":3,"href":"https:\/\/www.encontramogimirim.com.br\/noticias\/wp-json\/wp\/v2\/posts\/181\/revisions"}],"predecessor-version":[{"id":1234,"href":"https:\/\/www.encontramogimirim.com.br\/noticias\/wp-json\/wp\/v2\/posts\/181\/revisions\/1234"}],"wp:attachment":[{"href":"https:\/\/www.encontramogimirim.com.br\/noticias\/wp-json\/wp\/v2\/media?parent=181"}],"wp:term":[{"taxonomy":"category","embeddable":true,"href":"https:\/\/www.encontramogimirim.com.br\/noticias\/wp-json\/wp\/v2\/categories?post=181"},{"taxonomy":"post_tag","embeddable":true,"href":"https:\/\/www.encontramogimirim.com.br\/noticias\/wp-json\/wp\/v2\/tags?post=181"}],"curies":[{"name":"wp","href":"https:\/\/api.w.org\/{rel}","templated":true}]}}