{"id":185,"date":"2011-09-06T18:17:58","date_gmt":"2011-09-06T20:17:58","guid":{"rendered":"http:\/\/www.encontramogimirim.com.br\/noticias\/?p=185"},"modified":"2013-08-15T12:29:21","modified_gmt":"2013-08-15T14:29:21","slug":"mogi-mirim-sindicato-quer-calcadao-na-rua-xv-de-novembro","status":"publish","type":"post","link":"https:\/\/www.encontramogimirim.com.br\/noticias\/mogi-mirim-sindicato-quer-calcadao-na-rua-xv-de-novembro\/","title":{"rendered":"Mogi Mirim: Sindicato quer cal\u00e7ad\u00e3o na Rua XV de Novembro"},"content":{"rendered":"<p>O Sindicato do Com\u00e9rcio Varejista da cidade de de Mogi Mirim (Sicovamm) enviou na semana passada uma carta \u00e0 Prefeitura Municipal, reafirmando o interesse dos comerciantes na amplia\u00e7\u00e3o de cal\u00e7adas no Centro. Primeiramente, a Rua XV de Novembro seria beneficiada pela mudan\u00e7a. \u201cH\u00e1 algum tempo, apresentamos um que teve ades\u00e3o de grande parte dos comerciantes, e j\u00e1 foi encaminhada aos departamentos\u00a0competentes da Prefeitura Municipal\u201d, frisa o presidente do sindicato, Jos\u00e9 Antonio Scomparim.<\/p>\n<p>O alargamento das cal\u00e7adas das ruas centrais e a retirada das vagas de estacionamento da Rua XV de Novembro \u00e9 a primeira parte do projeto. \u201cIsso far\u00e1 com que o tr\u00e2nsito flua de uma melhor forma, beneficiando a popula\u00e7\u00e3o, que ter\u00e1 mais espa\u00e7o para\u00a0andar, ver vitrines e escolher lojas para consumir\u201d, indica Sconparim, que completa. \u201cDefendemos uma mudan\u00e7a, desde que esta seja definitiva, para que beneficie tanto os comerciantes situados a Rua XV, e principalmente a popula\u00e7\u00e3o\u201d, observa.<\/p>\n<p>Concomitante ao projeto, o Departamento da Pessoa com Defici\u00eancia e Mobilidade Reduzida tenta junto ao governo federal, verbas para a cria\u00e7\u00e3o da chamada \u2018rota da acessibilidade\u2019. De acordo com o diretor do Departamento da Pessoa com Defici\u00eancia e Mobilidade Reduzida, Jo\u00e3o Bordingnon Neto, entre entrevista divulgada na edi\u00e7\u00e3o do dia 27 de agosto do jornal A Comarca, as conversas deram uma parada em 2011, mas o projeto ainda est\u00e1 entre os \u2018sonhos\u2019 da prefeitura.<\/p>\n<p>No projeto, a regi\u00e3o central ganharia a amplia\u00e7\u00e3o de algumas cal\u00e7adas, possibilitando assim a implanta\u00e7\u00e3o de rampas de acesso. \u201cPara isso ir\u00edamos eliminar todo tipo de obst\u00e1culo, como lixeiras, posteamento, sinaliza\u00e7\u00e3o e at\u00e9 mesmo \u00e1rvores, replantando-as em outros pontos e paralelamente atender os pedidos dos comerciantes de alargar as cal\u00e7adas\u201d, adiantou Bordingnon.<\/p>\n<p><em>Fonte: A Comarca<\/em><\/p>\n","protected":false},"excerpt":{"rendered":"<p>O Sindicato do Com\u00e9rcio Varejista da cidade de de Mogi Mirim (Sicovamm) enviou na semana passada uma carta \u00e0 Prefeitura Municipal, reafirmando o interesse dos comerciantes na amplia\u00e7\u00e3o de cal\u00e7adas no Centro. Primeiramente, a Rua XV de Novembro seria beneficiada pela mudan\u00e7a. \u201cH\u00e1 algum tempo, apresentamos um que teve ades\u00e3o de grande parte dos comerciantes, [&hellip;]<\/p>\n","protected":false},"author":1,"featured_media":0,"comment_status":"open","ping_status":"open","sticky":false,"template":"","format":"standard","meta":{"footnotes":""},"categories":[6],"tags":[14],"class_list":["post-185","post","type-post","status-publish","format-standard","hentry","category-noticias","tag-mogi-mirim"],"_links":{"self":[{"href":"https:\/\/www.encontramogimirim.com.br\/noticias\/wp-json\/wp\/v2\/posts\/185","targetHints":{"allow":["GET"]}}],"collection":[{"href":"https:\/\/www.encontramogimirim.com.br\/noticias\/wp-json\/wp\/v2\/posts"}],"about":[{"href":"https:\/\/www.encontramogimirim.com.br\/noticias\/wp-json\/wp\/v2\/types\/post"}],"author":[{"embeddable":true,"href":"https:\/\/www.encontramogimirim.com.br\/noticias\/wp-json\/wp\/v2\/users\/1"}],"replies":[{"embeddable":true,"href":"https:\/\/www.encontramogimirim.com.br\/noticias\/wp-json\/wp\/v2\/comments?post=185"}],"version-history":[{"count":3,"href":"https:\/\/www.encontramogimirim.com.br\/noticias\/wp-json\/wp\/v2\/posts\/185\/revisions"}],"predecessor-version":[{"id":1245,"href":"https:\/\/www.encontramogimirim.com.br\/noticias\/wp-json\/wp\/v2\/posts\/185\/revisions\/1245"}],"wp:attachment":[{"href":"https:\/\/www.encontramogimirim.com.br\/noticias\/wp-json\/wp\/v2\/media?parent=185"}],"wp:term":[{"taxonomy":"category","embeddable":true,"href":"https:\/\/www.encontramogimirim.com.br\/noticias\/wp-json\/wp\/v2\/categories?post=185"},{"taxonomy":"post_tag","embeddable":true,"href":"https:\/\/www.encontramogimirim.com.br\/noticias\/wp-json\/wp\/v2\/tags?post=185"}],"curies":[{"name":"wp","href":"https:\/\/api.w.org\/{rel}","templated":true}]}}