{"id":192,"date":"2011-09-08T13:03:37","date_gmt":"2011-09-08T15:03:37","guid":{"rendered":"http:\/\/www.encontramogimirim.com.br\/noticias\/?p=192"},"modified":"2013-08-15T12:29:22","modified_gmt":"2013-08-15T14:29:22","slug":"fatec-de-mogi-mirim-estuda-implantacao-de-novos-cursos","status":"publish","type":"post","link":"https:\/\/www.encontramogimirim.com.br\/noticias\/fatec-de-mogi-mirim-estuda-implantacao-de-novos-cursos\/","title":{"rendered":"Fatec de Mogi Mirim estuda implanta\u00e7\u00e3o de novos cursos"},"content":{"rendered":"<p>Na comemora\u00e7\u00e3o dos quatro anos na cidade de Mogi Mirim, a dire\u00e7\u00e3o da Fatec (Faculdade de Tecnologia) \u201cArthur de Azevedo\u201d anunciou que estuda a implanta\u00e7\u00e3o de novos cursos. H\u00e1 tr\u00eas op\u00e7\u00f5es de \u00e1reas: gastronomia, log\u00edstica e mecatr\u00f4nica. No primeiro caso, atenderia ao P\u00f3lo Gastron\u00f4mico, projeto que re\u00fane os restaurantes do munic\u00edpio.<\/p>\n<p>\u201cMas, tudo precisa de estudo. De nada adianta atendermos a demanda das empresas se n\u00e3o tivermos laborat\u00f3rio, como \u00e9 o caso da gastronomia\u201d, explicou o diretor Andr\u00e9 Giraldi.<\/p>\n<p>A Fatec come\u00e7ou a funcionar em 10 de setembro de 2007. Hoje, conta com 841 alunos, sendo que 91 j\u00e1 se formaram em um dos cursos de tecnologia. Atualmente, \u00e9 oferecida gradua\u00e7\u00e3o em An\u00e1lise e Desenvolvimento de Sistemas, Mec\u00e2nica de Precis\u00e3o e Projetos Mec\u00e2nicos.<\/p>\n<p>Uma conquista da Fatec foi o recebimento de uma verba de R$ 42 mil para a compra de equipamentos destinados a um laborat\u00f3rio para obter o volume de pe\u00e7as complexas por processo a seco.<\/p>\n<p>Segundo o professor Paulo Barbieri, o sistema a seco \u00e9 mais vantajoso na utiliza\u00e7\u00e3o da medi\u00e7\u00e3o em linhas de produ\u00e7\u00e3o industrial. O recurso veio do Fapesp (Fundo de Amparo \u00e0 Pesquisa do Estado de S\u00e3o Paulo). \u201cGrandes universidades alcan\u00e7am a vinda desses recursos do governo do Estado para pesquisa e a Fatec de Mogi est\u00e1 entre elas\u201d, comemora Giraldi.<\/p>\n<p><em>Fonte: O Popular<\/em><\/p>\n","protected":false},"excerpt":{"rendered":"<p>Na comemora\u00e7\u00e3o dos quatro anos na cidade de Mogi Mirim, a dire\u00e7\u00e3o da Fatec (Faculdade de Tecnologia) \u201cArthur de Azevedo\u201d anunciou que estuda a implanta\u00e7\u00e3o de novos cursos. H\u00e1 tr\u00eas op\u00e7\u00f5es de \u00e1reas: gastronomia, log\u00edstica e mecatr\u00f4nica. No primeiro caso, atenderia ao P\u00f3lo Gastron\u00f4mico, projeto que re\u00fane os restaurantes do munic\u00edpio. \u201cMas, tudo precisa de [&hellip;]<\/p>\n","protected":false},"author":1,"featured_media":0,"comment_status":"open","ping_status":"open","sticky":false,"template":"","format":"standard","meta":{"footnotes":""},"categories":[6],"tags":[14],"class_list":["post-192","post","type-post","status-publish","format-standard","hentry","category-noticias","tag-mogi-mirim"],"_links":{"self":[{"href":"https:\/\/www.encontramogimirim.com.br\/noticias\/wp-json\/wp\/v2\/posts\/192","targetHints":{"allow":["GET"]}}],"collection":[{"href":"https:\/\/www.encontramogimirim.com.br\/noticias\/wp-json\/wp\/v2\/posts"}],"about":[{"href":"https:\/\/www.encontramogimirim.com.br\/noticias\/wp-json\/wp\/v2\/types\/post"}],"author":[{"embeddable":true,"href":"https:\/\/www.encontramogimirim.com.br\/noticias\/wp-json\/wp\/v2\/users\/1"}],"replies":[{"embeddable":true,"href":"https:\/\/www.encontramogimirim.com.br\/noticias\/wp-json\/wp\/v2\/comments?post=192"}],"version-history":[{"count":3,"href":"https:\/\/www.encontramogimirim.com.br\/noticias\/wp-json\/wp\/v2\/posts\/192\/revisions"}],"predecessor-version":[{"id":1253,"href":"https:\/\/www.encontramogimirim.com.br\/noticias\/wp-json\/wp\/v2\/posts\/192\/revisions\/1253"}],"wp:attachment":[{"href":"https:\/\/www.encontramogimirim.com.br\/noticias\/wp-json\/wp\/v2\/media?parent=192"}],"wp:term":[{"taxonomy":"category","embeddable":true,"href":"https:\/\/www.encontramogimirim.com.br\/noticias\/wp-json\/wp\/v2\/categories?post=192"},{"taxonomy":"post_tag","embeddable":true,"href":"https:\/\/www.encontramogimirim.com.br\/noticias\/wp-json\/wp\/v2\/tags?post=192"}],"curies":[{"name":"wp","href":"https:\/\/api.w.org\/{rel}","templated":true}]}}