{"id":196,"date":"2011-09-13T17:03:38","date_gmt":"2011-09-13T19:03:38","guid":{"rendered":"http:\/\/www.encontramogimirim.com.br\/noticias\/?p=196"},"modified":"2013-08-15T12:29:22","modified_gmt":"2013-08-15T14:29:22","slug":"prefeitura-de-mogi-mirim-inicia-acoes-para-implantacao-da-arena-multiuso","status":"publish","type":"post","link":"https:\/\/www.encontramogimirim.com.br\/noticias\/prefeitura-de-mogi-mirim-inicia-acoes-para-implantacao-da-arena-multiuso\/","title":{"rendered":"Prefeitura de Mogi Mirim inicia a\u00e7\u00f5es para implanta\u00e7\u00e3o da \u2018Arena Multiuso\u2019"},"content":{"rendered":"<p>A Prefeitura Municipal deu in\u00edcio nesta semana \u00e0s primeiras provid\u00eancias para a implanta\u00e7\u00e3o da Arena Multiuso em guia de Mogi Mirim. Mesmo com o prefeito Carlos Nelson Bueno (PSDB) entafizando que n\u00e3o dar\u00e1 in\u00edcio em sua gest\u00e3o \u00e0s obras, o executivo deseja iniciar ainda neste ano ao menos as quest\u00f5es burocr\u00e1ticas envolvidas na constru\u00e7\u00e3o do espa\u00e7o cultural.\u00a0A Arena, que ter\u00e1 a finalidade de atender os projetos culturais desenvolvidos na cidade, ser\u00e1 erguida ap\u00f3s o munic\u00edpio efetuar um financiamento no valor de R$ 10 milh\u00f5es.<\/p>\n<p>Entre as atividades burocr\u00e1ticas est\u00e1 a cria\u00e7\u00e3o de uma comiss\u00e3o, presidida pela vice-prefeita, Fl\u00e1via Rossi (PPS) e composta por mais oito membros que, juntos, ter\u00e3o a miss\u00e3o de delinear a\u00e7\u00f5es para a concretiza\u00e7\u00e3o do projeto cultural.<\/p>\n<p>Caber\u00e1 \u00e0 comiss\u00e3o a defini\u00e7\u00e3o do local e o espa\u00e7o apropriado \u00e0 implanta\u00e7\u00e3o do futuro Centro Cultural de Mogi Mirim, onde a Arena ser\u00e1 apenas um dos componentes. O grupo tamb\u00e9m definir\u00e1 todas as atividades que ser\u00e3o sediadas no complexo cultural, visando colocar o munic\u00edpio como destaque da regi\u00e3o na \u00e1rea cultural e ainda ir\u00e3o fazer um programa de investimentos a curto, m\u00e9dio e longo prazo, a fim de que os futuros governantes tenham diretrizes para investimentos na \u00e1rea.<\/p>\n<p>Ainda de acordo com a portaria, a comiss\u00e3o ter\u00e1 de buscar parceria com o Instituto de Arquitetos do Brasil \u2013 Departamento de S\u00e3o Paulo (IAB\/SP), para que o \u00f3rg\u00e3o possa realizar ou orientar tecnicamente a cria\u00e7\u00e3o de um concurso nacional para o projeto arquitet\u00f4nico do novo Centro Cultural, da qual a Arena Multiuso \u00e9 parte integrante.<\/p>\n<p><em>Fonte: A Comarca<\/em><\/p>\n","protected":false},"excerpt":{"rendered":"<p>A Prefeitura Municipal deu in\u00edcio nesta semana \u00e0s primeiras provid\u00eancias para a implanta\u00e7\u00e3o da Arena Multiuso em guia de Mogi Mirim. Mesmo com o prefeito Carlos Nelson Bueno (PSDB) entafizando que n\u00e3o dar\u00e1 in\u00edcio em sua gest\u00e3o \u00e0s obras, o executivo deseja iniciar ainda neste ano ao menos as quest\u00f5es burocr\u00e1ticas envolvidas na constru\u00e7\u00e3o do [&hellip;]<\/p>\n","protected":false},"author":1,"featured_media":0,"comment_status":"open","ping_status":"open","sticky":false,"template":"","format":"standard","meta":{"footnotes":""},"categories":[6],"tags":[14],"class_list":["post-196","post","type-post","status-publish","format-standard","hentry","category-noticias","tag-mogi-mirim"],"_links":{"self":[{"href":"https:\/\/www.encontramogimirim.com.br\/noticias\/wp-json\/wp\/v2\/posts\/196","targetHints":{"allow":["GET"]}}],"collection":[{"href":"https:\/\/www.encontramogimirim.com.br\/noticias\/wp-json\/wp\/v2\/posts"}],"about":[{"href":"https:\/\/www.encontramogimirim.com.br\/noticias\/wp-json\/wp\/v2\/types\/post"}],"author":[{"embeddable":true,"href":"https:\/\/www.encontramogimirim.com.br\/noticias\/wp-json\/wp\/v2\/users\/1"}],"replies":[{"embeddable":true,"href":"https:\/\/www.encontramogimirim.com.br\/noticias\/wp-json\/wp\/v2\/comments?post=196"}],"version-history":[{"count":3,"href":"https:\/\/www.encontramogimirim.com.br\/noticias\/wp-json\/wp\/v2\/posts\/196\/revisions"}],"predecessor-version":[{"id":1256,"href":"https:\/\/www.encontramogimirim.com.br\/noticias\/wp-json\/wp\/v2\/posts\/196\/revisions\/1256"}],"wp:attachment":[{"href":"https:\/\/www.encontramogimirim.com.br\/noticias\/wp-json\/wp\/v2\/media?parent=196"}],"wp:term":[{"taxonomy":"category","embeddable":true,"href":"https:\/\/www.encontramogimirim.com.br\/noticias\/wp-json\/wp\/v2\/categories?post=196"},{"taxonomy":"post_tag","embeddable":true,"href":"https:\/\/www.encontramogimirim.com.br\/noticias\/wp-json\/wp\/v2\/tags?post=196"}],"curies":[{"name":"wp","href":"https:\/\/api.w.org\/{rel}","templated":true}]}}