{"id":201,"date":"2011-09-15T16:25:02","date_gmt":"2011-09-15T18:25:02","guid":{"rendered":"http:\/\/www.encontramogimirim.com.br\/noticias\/?p=201"},"modified":"2013-08-15T12:29:23","modified_gmt":"2013-08-15T14:29:23","slug":"feira-livre-do-centro-de-mogi-mirim-nao-sera-realizada-no-domingo","status":"publish","type":"post","link":"https:\/\/www.encontramogimirim.com.br\/noticias\/feira-livre-do-centro-de-mogi-mirim-nao-sera-realizada-no-domingo\/","title":{"rendered":"Feira livre do centro de Mogi Mirim n\u00e3o ser\u00e1 realizada no domingo"},"content":{"rendered":"<p>No pr\u00f3ximo domingo, dia 18 de setembro, n\u00e3o ser\u00e1 realizada a tradicional feira na Rua Coronel\u00a0Guedes, no centro de guia Mogi Mirim.<\/p>\n<p>\nDe acordo com Carlos Henrique Ferreira, diretor interino do Departamento de Agricultura,\u00a0Abastecimento e Estradas Rurais (DAAER), o cancelamento da feira livre \u00e9 devido ao trabalho\u00a0que dever\u00e1 ser realizado por uma concession\u00e1ria de energia naquela regi\u00e3o.\u00a0\u201cSer\u00e3o feitos servi\u00e7os na rede el\u00e9trica existente junto ao pr\u00e9dio do antigo Mercado Municipal\u201d,<br \/>\nexplicou Ferreira.<\/p>\n<p>\nA hip\u00f3tese de transfer\u00eancia de local da feira foi considerada inapropriada. Ferreira aponta que\u00a0falta outro espa\u00e7o f\u00edsico que comporte a feira e tamb\u00e9m garanta a seguran\u00e7a dos feirantes e\u00a0mun\u00edcipes frequentadores do local.<\/p>\n<p><em>Fonte: Prefeitura de Mogi Mirim<\/em><\/p>\n","protected":false},"excerpt":{"rendered":"<p>No pr\u00f3ximo domingo, dia 18 de setembro, n\u00e3o ser\u00e1 realizada a tradicional feira na Rua Coronel\u00a0Guedes, no centro de guia Mogi Mirim. De acordo com Carlos Henrique Ferreira, diretor interino do Departamento de Agricultura,\u00a0Abastecimento e Estradas Rurais (DAAER), o cancelamento da feira livre \u00e9 devido ao trabalho\u00a0que dever\u00e1 ser realizado por uma concession\u00e1ria de energia [&hellip;]<\/p>\n","protected":false},"author":1,"featured_media":0,"comment_status":"open","ping_status":"open","sticky":false,"template":"","format":"standard","meta":{"footnotes":""},"categories":[6],"tags":[14],"class_list":["post-201","post","type-post","status-publish","format-standard","hentry","category-noticias","tag-mogi-mirim"],"_links":{"self":[{"href":"https:\/\/www.encontramogimirim.com.br\/noticias\/wp-json\/wp\/v2\/posts\/201","targetHints":{"allow":["GET"]}}],"collection":[{"href":"https:\/\/www.encontramogimirim.com.br\/noticias\/wp-json\/wp\/v2\/posts"}],"about":[{"href":"https:\/\/www.encontramogimirim.com.br\/noticias\/wp-json\/wp\/v2\/types\/post"}],"author":[{"embeddable":true,"href":"https:\/\/www.encontramogimirim.com.br\/noticias\/wp-json\/wp\/v2\/users\/1"}],"replies":[{"embeddable":true,"href":"https:\/\/www.encontramogimirim.com.br\/noticias\/wp-json\/wp\/v2\/comments?post=201"}],"version-history":[{"count":4,"href":"https:\/\/www.encontramogimirim.com.br\/noticias\/wp-json\/wp\/v2\/posts\/201\/revisions"}],"predecessor-version":[{"id":1259,"href":"https:\/\/www.encontramogimirim.com.br\/noticias\/wp-json\/wp\/v2\/posts\/201\/revisions\/1259"}],"wp:attachment":[{"href":"https:\/\/www.encontramogimirim.com.br\/noticias\/wp-json\/wp\/v2\/media?parent=201"}],"wp:term":[{"taxonomy":"category","embeddable":true,"href":"https:\/\/www.encontramogimirim.com.br\/noticias\/wp-json\/wp\/v2\/categories?post=201"},{"taxonomy":"post_tag","embeddable":true,"href":"https:\/\/www.encontramogimirim.com.br\/noticias\/wp-json\/wp\/v2\/tags?post=201"}],"curies":[{"name":"wp","href":"https:\/\/api.w.org\/{rel}","templated":true}]}}