{"id":239,"date":"2011-10-04T13:25:14","date_gmt":"2011-10-04T15:25:14","guid":{"rendered":"http:\/\/www.encontramogimirim.com.br\/noticias\/?p=239"},"modified":"2013-08-15T12:29:20","modified_gmt":"2013-08-15T14:29:20","slug":"problema-em-adutora-interrompe-abastecimento-de-agua-em-mogi-mirim","status":"publish","type":"post","link":"https:\/\/www.encontramogimirim.com.br\/noticias\/problema-em-adutora-interrompe-abastecimento-de-agua-em-mogi-mirim\/","title":{"rendered":"Problema em adutora interrompe abastecimento de \u00e1gua em Mogi Mirim"},"content":{"rendered":"<p>Um problema ocorrido na adutora de \u00e1gua bruta do Saae, na capta\u00e7\u00e3o junto ao Rio Mogi Gua\u00e7u, est\u00e1 prejudicando o abastecimento da cidade de Mogi Mirim.<\/p>\n<p>Em comunicado, a autarquia informa sobre a falta de \u00e1gua nesta ter\u00e7a e quarta-feira em toda a cidade.<\/p>\n<p>Equipes est\u00e3o no local para promover os reparos necess\u00e1rios. O Saae explica que as provid\u00eancias s\u00e3o demoradas, inclusive pela necessidade de confec\u00e7\u00e3o de pe\u00e7as de reposi\u00e7\u00e3o.<\/p>\n<p>A previs\u00e3o \u00e9 de que o abastecimento ser\u00e1 normalizado a partir desta quarta-feira.<\/p>\n<p>O Saae recomenda que, nesse per\u00edodo de dificuldade, a popula\u00e7\u00e3o procure restringir tanto quanto poss\u00edvel o consumo de \u00e1gua.<\/p>\n<p><em>Fonte: O Popular<\/em><\/p>\n","protected":false},"excerpt":{"rendered":"<p>Um problema ocorrido na adutora de \u00e1gua bruta do Saae, na capta\u00e7\u00e3o junto ao Rio Mogi Gua\u00e7u, est\u00e1 prejudicando o abastecimento da cidade de Mogi Mirim. Em comunicado, a autarquia informa sobre a falta de \u00e1gua nesta ter\u00e7a e quarta-feira em toda a cidade. Equipes est\u00e3o no local para promover os reparos necess\u00e1rios. O Saae [&hellip;]<\/p>\n","protected":false},"author":1,"featured_media":0,"comment_status":"open","ping_status":"open","sticky":false,"template":"","format":"standard","meta":{"footnotes":""},"categories":[6],"tags":[14],"class_list":["post-239","post","type-post","status-publish","format-standard","hentry","category-noticias","tag-mogi-mirim"],"_links":{"self":[{"href":"https:\/\/www.encontramogimirim.com.br\/noticias\/wp-json\/wp\/v2\/posts\/239","targetHints":{"allow":["GET"]}}],"collection":[{"href":"https:\/\/www.encontramogimirim.com.br\/noticias\/wp-json\/wp\/v2\/posts"}],"about":[{"href":"https:\/\/www.encontramogimirim.com.br\/noticias\/wp-json\/wp\/v2\/types\/post"}],"author":[{"embeddable":true,"href":"https:\/\/www.encontramogimirim.com.br\/noticias\/wp-json\/wp\/v2\/users\/1"}],"replies":[{"embeddable":true,"href":"https:\/\/www.encontramogimirim.com.br\/noticias\/wp-json\/wp\/v2\/comments?post=239"}],"version-history":[{"count":3,"href":"https:\/\/www.encontramogimirim.com.br\/noticias\/wp-json\/wp\/v2\/posts\/239\/revisions"}],"predecessor-version":[{"id":1235,"href":"https:\/\/www.encontramogimirim.com.br\/noticias\/wp-json\/wp\/v2\/posts\/239\/revisions\/1235"}],"wp:attachment":[{"href":"https:\/\/www.encontramogimirim.com.br\/noticias\/wp-json\/wp\/v2\/media?parent=239"}],"wp:term":[{"taxonomy":"category","embeddable":true,"href":"https:\/\/www.encontramogimirim.com.br\/noticias\/wp-json\/wp\/v2\/categories?post=239"},{"taxonomy":"post_tag","embeddable":true,"href":"https:\/\/www.encontramogimirim.com.br\/noticias\/wp-json\/wp\/v2\/tags?post=239"}],"curies":[{"name":"wp","href":"https:\/\/api.w.org\/{rel}","templated":true}]}}