{"id":245,"date":"2011-10-11T14:40:37","date_gmt":"2011-10-11T16:40:37","guid":{"rendered":"http:\/\/www.encontramogimirim.com.br\/noticias\/?p=245"},"modified":"2013-08-15T12:29:19","modified_gmt":"2013-08-15T14:29:19","slug":"prefeitura-aguarda-licitacao-para-nova-empresa-terminar-zoologico","status":"publish","type":"post","link":"https:\/\/www.encontramogimirim.com.br\/noticias\/prefeitura-aguarda-licitacao-para-nova-empresa-terminar-zoologico\/","title":{"rendered":"Prefeitura aguarda licita\u00e7\u00e3o para nova empresa terminar Zool\u00f3gico"},"content":{"rendered":"<p>A Prefeitura Municipal confirmou nesta semana, que o contrato com a empresa Prodex, respons\u00e1vel pelas reformas do Zool\u00f3gico Municipal em guia de Mogi Mirim, foi rescindido. A empresa tentou a prorroga\u00e7\u00e3o do contrato, mas como descumpriu o prazo para entrega da primeira fase dos trabalhos (vencido no \u00faltimo dia 25 de setembro), o prefeito Carlos Nelson Bueno decidiu pela rescis\u00e3o, descartando o pedido feito h\u00e1 tr\u00eas semanas pela Prodex, de extens\u00e3o do contrato.<\/p>\n<p>A prefeitura ficou indecisa com rela\u00e7\u00e3o \u00e0 rescis\u00e3o, mas preferiu abrir nova licita\u00e7\u00e3o, que deve ser conclu\u00edda at\u00e9 o final do ano para que uma nova empresa assuma os trabalhos no Zool\u00f3gico. Mesmo com o per\u00edodo perdido, a administra\u00e7\u00e3o n\u00e3o teme que a parceria firmada com a Petrobr\u00e1s para manuten\u00e7\u00e3o do Zool\u00f3gico sofra consequencias. De acordo com o chefe de gabinete, Gerson Luiz Rossi Junior, caso a nova empresa n\u00e3o consiga entregar o servi\u00e7o at\u00e9 maio, prazo estabelecido por contrato junto \u00e0 Petrobras, a prefeitura encaminhar\u00e1 um pedido de prorroga\u00e7\u00e3o da parceria.<\/p>\n<p>As obras no Zool\u00f3gico foram dividas em etapas e frentes de trabalho. Esta n\u00e3o foi a primeira vez que a Prodex solicitou a prorroga\u00e7\u00e3o da data de entrega. Na primeira oportunidade a argumenta\u00e7\u00e3o foi legal e ela teve um aditivo ao contrato. Com v\u00e1rias frentes de trabalho, cada recinto ou cada obra tem um prazo estipulado e a expectativa da prefeitura \u00e9 resolver o mais r\u00e1pido poss\u00edvel.<\/p>\n<p><em>Fonte: A Comarca<\/em><\/p>\n","protected":false},"excerpt":{"rendered":"<p>A Prefeitura Municipal confirmou nesta semana, que o contrato com a empresa Prodex, respons\u00e1vel pelas reformas do Zool\u00f3gico Municipal em guia de Mogi Mirim, foi rescindido. A empresa tentou a prorroga\u00e7\u00e3o do contrato, mas como descumpriu o prazo para entrega da primeira fase dos trabalhos (vencido no \u00faltimo dia 25 de setembro), o prefeito Carlos [&hellip;]<\/p>\n","protected":false},"author":1,"featured_media":0,"comment_status":"open","ping_status":"open","sticky":false,"template":"","format":"standard","meta":{"footnotes":""},"categories":[6],"tags":[14],"class_list":["post-245","post","type-post","status-publish","format-standard","hentry","category-noticias","tag-mogi-mirim"],"_links":{"self":[{"href":"https:\/\/www.encontramogimirim.com.br\/noticias\/wp-json\/wp\/v2\/posts\/245","targetHints":{"allow":["GET"]}}],"collection":[{"href":"https:\/\/www.encontramogimirim.com.br\/noticias\/wp-json\/wp\/v2\/posts"}],"about":[{"href":"https:\/\/www.encontramogimirim.com.br\/noticias\/wp-json\/wp\/v2\/types\/post"}],"author":[{"embeddable":true,"href":"https:\/\/www.encontramogimirim.com.br\/noticias\/wp-json\/wp\/v2\/users\/1"}],"replies":[{"embeddable":true,"href":"https:\/\/www.encontramogimirim.com.br\/noticias\/wp-json\/wp\/v2\/comments?post=245"}],"version-history":[{"count":3,"href":"https:\/\/www.encontramogimirim.com.br\/noticias\/wp-json\/wp\/v2\/posts\/245\/revisions"}],"predecessor-version":[{"id":1205,"href":"https:\/\/www.encontramogimirim.com.br\/noticias\/wp-json\/wp\/v2\/posts\/245\/revisions\/1205"}],"wp:attachment":[{"href":"https:\/\/www.encontramogimirim.com.br\/noticias\/wp-json\/wp\/v2\/media?parent=245"}],"wp:term":[{"taxonomy":"category","embeddable":true,"href":"https:\/\/www.encontramogimirim.com.br\/noticias\/wp-json\/wp\/v2\/categories?post=245"},{"taxonomy":"post_tag","embeddable":true,"href":"https:\/\/www.encontramogimirim.com.br\/noticias\/wp-json\/wp\/v2\/tags?post=245"}],"curies":[{"name":"wp","href":"https:\/\/api.w.org\/{rel}","templated":true}]}}