{"id":272,"date":"2011-11-01T09:53:46","date_gmt":"2011-11-01T11:53:46","guid":{"rendered":"http:\/\/www.encontramogimirim.com.br\/noticias\/?p=272"},"modified":"2013-08-15T12:29:25","modified_gmt":"2013-08-15T14:29:25","slug":"santa-casa-manifesta-repudio-a-prefeito-de-mogi-mirim","status":"publish","type":"post","link":"https:\/\/www.encontramogimirim.com.br\/noticias\/santa-casa-manifesta-repudio-a-prefeito-de-mogi-mirim\/","title":{"rendered":"Santa Casa manifesta rep\u00fadio a prefeito de Mogi Mirim"},"content":{"rendered":"<p>Em resposta \u00e0s cr\u00edticas do prefeito Carlos Nelson Bueno (PSDB), o provedor Geraldo Adorno e a Irmandade da Santa Casa de guia de Mogi Mirim divulgaram um manifesto de rep\u00fadio na \u00faltima sexta-feira. \u201cA Entidade repudia veementemente todas as alega\u00e7\u00f5es e insinua\u00e7\u00f5es provenientes da Municipalidade\u201d, afirma o texto.<\/p>\n<p>Acompanhado do provedor, membros da Irmandade, Mesa Diretora, do diretor cl\u00ednico Jos\u00e9 Henrique Rezek Ajub e do diretor t\u00e9cnico Ary Macedo, o diretor executivo Ronaldo Carvalho contestou as acusa\u00e7\u00f5es do prefeito. Na sexta-feira, dia 21, Carlos Nelson lan\u00e7ou suspeita de que os recursos do SUS (Sistema \u00danico de Sa\u00fade) estariam sendo usados em \u00e1rea particular e de conv\u00eanios. Afirmou haver motiva\u00e7\u00e3o pol\u00edtica nas decis\u00f5es da institui\u00e7\u00e3o.<\/p>\n<p>O manifesto afirma que a Irmandade \u201cconfia plenamente\u201d na administra\u00e7\u00e3o do hospital e recorda que todas as contas da Santa Casa foram aprovadas pela Prefeitura. Argumenta que a Prefeitura lan\u00e7a acusa\u00e7\u00f5es contra a dire\u00e7\u00e3o do hospital, mas n\u00e3o produz provas \u201cporque as acusa\u00e7\u00f5es s\u00e3o absurdas e infundadas\u201d. \u201cIsso \u00e9 falta de respeito com a intelig\u00eancia da popula\u00e7\u00e3o\u201d, criticou Carvalho. \u201cSe a gente sabe que o SUS \u00e9 deficit\u00e1rio, como \u00e9 que pode sobrar dinheiro? \u00c9, no m\u00ednimo, alega\u00e7\u00e3o de quem quer fugir do assunto\u201d, completou.<\/p>\n<p>Segundo o diretor, a cada R$ 1,00 gasto com pacientes do SUS, o hospital recebe R$ 0,60. \u201cIsso aqui nunca vai ser um hospital particular\u201d, garantiu o provedor Geraldo Adorno.<\/p>\n<p>Se o contrato com a Prefeitura n\u00e3o for renovado, o hospital vai discutir as condi\u00e7\u00f5es para manter as isen\u00e7\u00f5es e pretende firmar conv\u00eanios com o Estado e com outros munic\u00edpios.<\/p>\n<p>Sobre os investimentos em amplia\u00e7\u00f5es nos \u00faltimos anos, Carvalho justificou que foi uma decis\u00e3o estrat\u00e9gica. \u201cT\u00ednhamos que investir para captar recursos\u201d, argumentou.<\/p>\n<p>O advogado do hospital, Carlos Gustavo de Oliveira Barretto, estuda ingressar com a\u00e7\u00e3o de presta\u00e7\u00e3o de contas na Justi\u00e7a. Conforme o resultado, o hospital poder\u00e1 entrar com a\u00e7\u00e3o de indeniza\u00e7\u00e3o contra a Prefeitura ou at\u00e9 a\u00e7\u00e3o por danos morais contra o prefeito.<\/p>\n<p><em>Fonte: O Popular<\/em><\/p>\n","protected":false},"excerpt":{"rendered":"<p>Em resposta \u00e0s cr\u00edticas do prefeito Carlos Nelson Bueno (PSDB), o provedor Geraldo Adorno e a Irmandade da Santa Casa de guia de Mogi Mirim divulgaram um manifesto de rep\u00fadio na \u00faltima sexta-feira. \u201cA Entidade repudia veementemente todas as alega\u00e7\u00f5es e insinua\u00e7\u00f5es provenientes da Municipalidade\u201d, afirma o texto. Acompanhado do provedor, membros da Irmandade, Mesa [&hellip;]<\/p>\n","protected":false},"author":1,"featured_media":0,"comment_status":"open","ping_status":"open","sticky":false,"template":"","format":"standard","meta":{"footnotes":""},"categories":[6],"tags":[14],"class_list":["post-272","post","type-post","status-publish","format-standard","hentry","category-noticias","tag-mogi-mirim"],"_links":{"self":[{"href":"https:\/\/www.encontramogimirim.com.br\/noticias\/wp-json\/wp\/v2\/posts\/272","targetHints":{"allow":["GET"]}}],"collection":[{"href":"https:\/\/www.encontramogimirim.com.br\/noticias\/wp-json\/wp\/v2\/posts"}],"about":[{"href":"https:\/\/www.encontramogimirim.com.br\/noticias\/wp-json\/wp\/v2\/types\/post"}],"author":[{"embeddable":true,"href":"https:\/\/www.encontramogimirim.com.br\/noticias\/wp-json\/wp\/v2\/users\/1"}],"replies":[{"embeddable":true,"href":"https:\/\/www.encontramogimirim.com.br\/noticias\/wp-json\/wp\/v2\/comments?post=272"}],"version-history":[{"count":3,"href":"https:\/\/www.encontramogimirim.com.br\/noticias\/wp-json\/wp\/v2\/posts\/272\/revisions"}],"predecessor-version":[{"id":1293,"href":"https:\/\/www.encontramogimirim.com.br\/noticias\/wp-json\/wp\/v2\/posts\/272\/revisions\/1293"}],"wp:attachment":[{"href":"https:\/\/www.encontramogimirim.com.br\/noticias\/wp-json\/wp\/v2\/media?parent=272"}],"wp:term":[{"taxonomy":"category","embeddable":true,"href":"https:\/\/www.encontramogimirim.com.br\/noticias\/wp-json\/wp\/v2\/categories?post=272"},{"taxonomy":"post_tag","embeddable":true,"href":"https:\/\/www.encontramogimirim.com.br\/noticias\/wp-json\/wp\/v2\/tags?post=272"}],"curies":[{"name":"wp","href":"https:\/\/api.w.org\/{rel}","templated":true}]}}