{"id":274,"date":"2011-11-01T09:56:47","date_gmt":"2011-11-01T11:56:47","guid":{"rendered":"http:\/\/www.encontramogimirim.com.br\/noticias\/?p=274"},"modified":"2013-08-15T12:29:11","modified_gmt":"2013-08-15T14:29:11","slug":"camara-de-mogi-mirim-marca-audiencia-para-debater-salario-dos-vereadores","status":"publish","type":"post","link":"https:\/\/www.encontramogimirim.com.br\/noticias\/camara-de-mogi-mirim-marca-audiencia-para-debater-salario-dos-vereadores\/","title":{"rendered":"C\u00e2mara de Mogi Mirim marca audi\u00eancia para debater sal\u00e1rio dos vereadores"},"content":{"rendered":"<p>A C\u00e2mara Municipal da cidade Mogi Mirim definiu para o pr\u00f3ximo dia 8 de novembro, a realiza\u00e7\u00e3o da Audi\u00eancia P\u00fablica para discutir a emenda \u00e0 Lei Org\u00e2nica Municipal (LOM) que pretende alterar o projeto de lei que aumentou o subs\u00eddio dos vereadores para R$ 8 mil a partir de 2013. A audi\u00eancia acontece no plen\u00e1rio da C\u00e2mara e \u00e9 aberta \u00e0 popula\u00e7\u00e3o para que seja tamb\u00e9m discutida a fixa\u00e7\u00e3o do novo sal\u00e1rio.<\/p>\n<p>A realiza\u00e7\u00e3o de uma Audi\u00eancia P\u00fablica \u00e9 uma exig\u00eancia do Regimento Interno da Casa que frisa, no primeiro par\u00e1grafo do artigo 137, como obrigat\u00f3ria a discuss\u00e3o em audi\u00eancia de uma proposta de emenda \u00e0 Lei Org\u00e2nica. Os trabalhos ter\u00e3o in\u00edcio \u00e0s 19h30.<\/p>\n<p>A emenda, de autoria do vereador Jo\u00e3o Lu\u00eds Andrade Teixeira (sem partido), chegou \u00e0 C\u00e2mara no \u00faltimo dia 17, mesma data em que o ex-tucano resolveu retirar a mat\u00e9ria com o argumento de que um of\u00edcio encaminhado pelo presidente da C\u00e2mara, Lu\u00eds Roberto Tavares, o Robertinho (PSDB) ao prefeito Carlos Nelson Bueno (PSDB), pedindo para que o chefe de executivo vete o projeto de lei (dos R$ 8 mil) aprovado no \u00faltimo dia 3 de outubro pela Casa, seria uma vergonha para os vereadores.<\/p>\n<p>A retirada da assinatura de Jo\u00e3o Lu\u00eds foi indeferida por Robertinho. O presidente da C\u00e2mara afirmou estar seguindo o Regimento Interno para manter a assinatura do autor da emenda. \u201cO regimento diz que quando a mat\u00e9ria requer quorum qualificado, o primeiro assinante n\u00e3o poder\u00e1 retirar de tramita\u00e7\u00e3o, ent\u00e3o, indeferi e o Jo\u00e3o ter\u00e1 que seguir como autor da emenda para n\u00e3o atrapalhar o tramite\u201d, explicou Robertinho.<\/p>\n<p>A emenda determina prazo de 180 dias antes das elei\u00e7\u00f5es municipais para revis\u00e3o do subs\u00eddio (atualmente \u00e9 360 dias) e estabelecia a condi\u00e7\u00e3o de colocar o aumento em at\u00e9 40%, j\u00e1 que o atual texto sacramenta o percentual de 40% dos vencimentos dos deputados estaduais, o que resultou nos R$ 8 mil.<\/p>\n<p>Nos corredores, a proposta inicial que mais chega a um consenso entre os vereadores \u00e9 a de que o sal\u00e1rio seja fixado em R$ 4,5 mil, elevando em R$ 1 mil o atual valor pago aos representantes do povo.<\/p>\n<p><em>Fonte: A Comarca<\/em><\/p>\n","protected":false},"excerpt":{"rendered":"<p>A C\u00e2mara Municipal da cidade Mogi Mirim definiu para o pr\u00f3ximo dia 8 de novembro, a realiza\u00e7\u00e3o da Audi\u00eancia P\u00fablica para discutir a emenda \u00e0 Lei Org\u00e2nica Municipal (LOM) que pretende alterar o projeto de lei que aumentou o subs\u00eddio dos vereadores para R$ 8 mil a partir de 2013. A audi\u00eancia acontece no plen\u00e1rio [&hellip;]<\/p>\n","protected":false},"author":1,"featured_media":0,"comment_status":"open","ping_status":"open","sticky":false,"template":"","format":"standard","meta":{"footnotes":""},"categories":[6],"tags":[14],"class_list":["post-274","post","type-post","status-publish","format-standard","hentry","category-noticias","tag-mogi-mirim"],"_links":{"self":[{"href":"https:\/\/www.encontramogimirim.com.br\/noticias\/wp-json\/wp\/v2\/posts\/274","targetHints":{"allow":["GET"]}}],"collection":[{"href":"https:\/\/www.encontramogimirim.com.br\/noticias\/wp-json\/wp\/v2\/posts"}],"about":[{"href":"https:\/\/www.encontramogimirim.com.br\/noticias\/wp-json\/wp\/v2\/types\/post"}],"author":[{"embeddable":true,"href":"https:\/\/www.encontramogimirim.com.br\/noticias\/wp-json\/wp\/v2\/users\/1"}],"replies":[{"embeddable":true,"href":"https:\/\/www.encontramogimirim.com.br\/noticias\/wp-json\/wp\/v2\/comments?post=274"}],"version-history":[{"count":2,"href":"https:\/\/www.encontramogimirim.com.br\/noticias\/wp-json\/wp\/v2\/posts\/274\/revisions"}],"predecessor-version":[{"id":1142,"href":"https:\/\/www.encontramogimirim.com.br\/noticias\/wp-json\/wp\/v2\/posts\/274\/revisions\/1142"}],"wp:attachment":[{"href":"https:\/\/www.encontramogimirim.com.br\/noticias\/wp-json\/wp\/v2\/media?parent=274"}],"wp:term":[{"taxonomy":"category","embeddable":true,"href":"https:\/\/www.encontramogimirim.com.br\/noticias\/wp-json\/wp\/v2\/categories?post=274"},{"taxonomy":"post_tag","embeddable":true,"href":"https:\/\/www.encontramogimirim.com.br\/noticias\/wp-json\/wp\/v2\/tags?post=274"}],"curies":[{"name":"wp","href":"https:\/\/api.w.org\/{rel}","templated":true}]}}