{"id":276,"date":"2011-11-03T09:55:36","date_gmt":"2011-11-03T11:55:36","guid":{"rendered":"http:\/\/www.encontramogimirim.com.br\/noticias\/?p=276"},"modified":"2013-08-15T12:29:30","modified_gmt":"2013-08-15T14:29:30","slug":"lacos-em-predios-publicos-de-mogi-mirim-lembrarao-combate-a-aids","status":"publish","type":"post","link":"https:\/\/www.encontramogimirim.com.br\/noticias\/lacos-em-predios-publicos-de-mogi-mirim-lembrarao-combate-a-aids\/","title":{"rendered":"La\u00e7os em pr\u00e9dios p\u00fablicos de Mogi Mirim lembrar\u00e3o combate \u00e0 Aids"},"content":{"rendered":"<p>O Dia Mundial de Combate \u00e0 Aids, em 1\u00ba de dezembro, ser\u00e1 lembrado na cidade Mogi Mirim com a coloca\u00e7\u00e3o de la\u00e7os vermelhos envolvendo os pr\u00e9dios municipais representando o s\u00edmbolo das a\u00e7\u00f5es de preven\u00e7\u00e3o \u00e0 doen\u00e7a.<\/p>\n<p>Este ano, a campanha ter\u00e1 como tema \u201cEu abra\u00e7o\u201d, que \u00e9 \u201cuma maneira de abra\u00e7ar a luta contra a Aids, contra a discrimina\u00e7\u00e3o e consolidar o apoio ao soropositivo\u201d, explica Joalice Penna Rocha, coordenadora da Divis\u00e3o de Vigil\u00e2ncia em Sa\u00fade.<\/p>\n<p>Os la\u00e7os vermelhos ficar\u00e3o em todas as UBSs, no Departamento de Sa\u00fade, no Pa\u00e7o Municipal e na Pra\u00e7a Rui Barbosa. Al\u00e9m disso, vai ser feita a distribui\u00e7\u00e3o de adesivos para autom\u00f3veis e panfletagens. \u201cEstaremos trabalhando de maneira intensiva a conscientiza\u00e7\u00e3o da popula\u00e7\u00e3o sobre os cuidados essenciais na preven\u00e7\u00e3o da Aids\u201d, explica a coordenadora.<\/p>\n<p>Mogi Mirim tem, atualmente, cerca de 180 pacientes em tratamento da doen\u00e7a.<\/p>\n<p><em>Fonte: O Popular<\/em><\/p>\n","protected":false},"excerpt":{"rendered":"<p>O Dia Mundial de Combate \u00e0 Aids, em 1\u00ba de dezembro, ser\u00e1 lembrado na cidade Mogi Mirim com a coloca\u00e7\u00e3o de la\u00e7os vermelhos envolvendo os pr\u00e9dios municipais representando o s\u00edmbolo das a\u00e7\u00f5es de preven\u00e7\u00e3o \u00e0 doen\u00e7a. Este ano, a campanha ter\u00e1 como tema \u201cEu abra\u00e7o\u201d, que \u00e9 \u201cuma maneira de abra\u00e7ar a luta contra a [&hellip;]<\/p>\n","protected":false},"author":1,"featured_media":0,"comment_status":"open","ping_status":"open","sticky":false,"template":"","format":"standard","meta":{"footnotes":""},"categories":[6],"tags":[14],"class_list":["post-276","post","type-post","status-publish","format-standard","hentry","category-noticias","tag-mogi-mirim"],"_links":{"self":[{"href":"https:\/\/www.encontramogimirim.com.br\/noticias\/wp-json\/wp\/v2\/posts\/276","targetHints":{"allow":["GET"]}}],"collection":[{"href":"https:\/\/www.encontramogimirim.com.br\/noticias\/wp-json\/wp\/v2\/posts"}],"about":[{"href":"https:\/\/www.encontramogimirim.com.br\/noticias\/wp-json\/wp\/v2\/types\/post"}],"author":[{"embeddable":true,"href":"https:\/\/www.encontramogimirim.com.br\/noticias\/wp-json\/wp\/v2\/users\/1"}],"replies":[{"embeddable":true,"href":"https:\/\/www.encontramogimirim.com.br\/noticias\/wp-json\/wp\/v2\/comments?post=276"}],"version-history":[{"count":3,"href":"https:\/\/www.encontramogimirim.com.br\/noticias\/wp-json\/wp\/v2\/posts\/276\/revisions"}],"predecessor-version":[{"id":1341,"href":"https:\/\/www.encontramogimirim.com.br\/noticias\/wp-json\/wp\/v2\/posts\/276\/revisions\/1341"}],"wp:attachment":[{"href":"https:\/\/www.encontramogimirim.com.br\/noticias\/wp-json\/wp\/v2\/media?parent=276"}],"wp:term":[{"taxonomy":"category","embeddable":true,"href":"https:\/\/www.encontramogimirim.com.br\/noticias\/wp-json\/wp\/v2\/categories?post=276"},{"taxonomy":"post_tag","embeddable":true,"href":"https:\/\/www.encontramogimirim.com.br\/noticias\/wp-json\/wp\/v2\/tags?post=276"}],"curies":[{"name":"wp","href":"https:\/\/api.w.org\/{rel}","templated":true}]}}