{"id":308,"date":"2011-12-01T14:29:43","date_gmt":"2011-12-01T16:29:43","guid":{"rendered":"http:\/\/www.encontramogimirim.com.br\/noticias\/?p=308"},"modified":"2013-08-15T12:29:13","modified_gmt":"2013-08-15T14:29:13","slug":"sicovamm-recua-e-comercio-de-mogi-mirim-abre-ate-as-22h","status":"publish","type":"post","link":"https:\/\/www.encontramogimirim.com.br\/noticias\/sicovamm-recua-e-comercio-de-mogi-mirim-abre-ate-as-22h\/","title":{"rendered":"Sicovamm recua e com\u00e9rcio de Mogi Mirim abre at\u00e9 \u00e0s 22h"},"content":{"rendered":"<p>Ap\u00f3s intensa reclama\u00e7\u00e3o por parte dos lojistas sobre a decis\u00e3o de que o funcionamento do com\u00e9rcio na primeira semana de dezembro deveria acontecer apenas at\u00e9 \u00e0s 20h, o Sindicato do Com\u00e9rcio Varejista de Mogi Mirim (SICOVAMM) voltou atr\u00e1s e a abertura acontece at\u00e9 \u00e0s 22h j\u00e1 a partir do dia 5.\u00a0Os hor\u00e1rios haviam sido definidos atrav\u00e9s de uma pesquisa realizada pelo sindicato, que ouviu 136 comerciantes. O Sicovamm n\u00e3o interferiu diretamente na mudan\u00e7a, que aconteceu atrav\u00e9s do comerciante Jos\u00e9 Carlos Carvalho, propriet\u00e1rio da Riviera.<\/p>\n<p>Carvalho apresentou reclama\u00e7\u00e3o junto ao sindicato e se disp\u00f4s a ouvir novamente os lojistas que votaram favor\u00e1veis \u00e0 abertura do com\u00e9rcio at\u00e9 \u00e0s 20h na primeira semana. Segundo ele, os lojistas julgaram coerentes os argumentos de que a primeira semana j\u00e1 concentra grande movimento e de que os consumidores come\u00e7am a chegar no centro ap\u00f3s \u00e0s 19h. Com isso, alteraram sua posi\u00e7\u00e3o sem grandes transtornos.\u00a0Muitos, inclusive, j\u00e1 haviam solicitado ao Sicovamm altera\u00e7\u00e3o de sua op\u00e7\u00e3o de voto. Para Carvalho, o que pesou na pesquisa do Sicovamm foi o curto prazo para que a resposta fosse dada.<\/p>\n<p>Alguns magazines optaram pela abertura at\u00e9 \u00e0s 20h e isso confundiu os demais comerciantes, j\u00e1 que o segmento costuma aderir aos hor\u00e1rios especiais at\u00e9 mesmo em feriados convencionais. Os lojistas apontam que os magazines atuam na contra-m\u00e3o do com\u00e9rcio da cidade Mogi Mirim, adotam hor\u00e1rios pr\u00f3prios e n\u00e3o seguem os acordos coletivos.<\/p>\n<p>O presidente do Sicovam, Jos\u00e9 Antonio Scomparin, chegou a dizer \u00e0 reportagem que os hor\u00e1rios n\u00e3o seriam alterados porque o acordo coletivo j\u00e1 estaria protocolado. \u201cO sindicato acabou entendendo a situa\u00e7\u00e3o e acho que a mudan\u00e7a evitou muitos problemas para o pr\u00f3prio Sicovamm, porque n\u00f3s \u00edamos abrir de qualquer jeito\u201d, diz Carvalho.\u00a0Com a mudan\u00e7a, Scomparin se manifestou dizendo que o sindicato trabalha para que a maioria dos comerciantes tenha sua vontade atendida.<\/p>\n<p>O com\u00e9rcio ficar\u00e1 aberto at\u00e9 as 22h do dia 05 at\u00e9 o dia 23 de dezembro. As empresas que planejam aderir \u00e0 abertura nos hor\u00e1rios especiais devem apresentar requerimento impresso diretamente na secretaria do Sicovamm. Apenas as empresas que est\u00e3o em dia com a conven\u00e7\u00e3o coletiva poder\u00e3o abrir nos hor\u00e1rios especiais. Aquelas que descumprirem o acordo poder\u00e3o ser multadas. Veja abaixo as datas e hor\u00e1rios especiais de Natal.<\/p>\n<p>Como ficam os hor\u00e1rios do com\u00e9rcio:<\/p>\n<p>1\u00aa, 2\u00aa e 3\u00aa semana &#8211; 05 a 23\/12 \u2013 Com\u00e9rcio funcionar\u00e1 at\u00e9 as 22h.<br \/>\nS\u00e1bados \u2013 10 e 17\/12 &#8211; Com\u00e9rcio funcionar\u00e1 at\u00e9 as 18h.<br \/>\nV\u00e9spera de Natal &#8211; 24\/12 \u2013 Fechamento do com\u00e9rcio \u00e0s 15h.<br \/>\n26\/12 \u2013 Abertura do com\u00e9rcio \u00e0s 12h.<br \/>\nV\u00e9spera de Ano Novo \u2013 Fechamento do com\u00e9rcio \u00e0s 12h.<br \/>\n02\/01 \u2013 Abertura do com\u00e9rcio \u00e0s 12h.<\/p>\n<p><em>Fonte: A Comarca<\/em><\/p>\n","protected":false},"excerpt":{"rendered":"<p>Ap\u00f3s intensa reclama\u00e7\u00e3o por parte dos lojistas sobre a decis\u00e3o de que o funcionamento do com\u00e9rcio na primeira semana de dezembro deveria acontecer apenas at\u00e9 \u00e0s 20h, o Sindicato do Com\u00e9rcio Varejista de Mogi Mirim (SICOVAMM) voltou atr\u00e1s e a abertura acontece at\u00e9 \u00e0s 22h j\u00e1 a partir do dia 5.\u00a0Os hor\u00e1rios haviam sido definidos [&hellip;]<\/p>\n","protected":false},"author":1,"featured_media":0,"comment_status":"open","ping_status":"open","sticky":false,"template":"","format":"standard","meta":{"footnotes":""},"categories":[6],"tags":[14],"class_list":["post-308","post","type-post","status-publish","format-standard","hentry","category-noticias","tag-mogi-mirim"],"_links":{"self":[{"href":"https:\/\/www.encontramogimirim.com.br\/noticias\/wp-json\/wp\/v2\/posts\/308","targetHints":{"allow":["GET"]}}],"collection":[{"href":"https:\/\/www.encontramogimirim.com.br\/noticias\/wp-json\/wp\/v2\/posts"}],"about":[{"href":"https:\/\/www.encontramogimirim.com.br\/noticias\/wp-json\/wp\/v2\/types\/post"}],"author":[{"embeddable":true,"href":"https:\/\/www.encontramogimirim.com.br\/noticias\/wp-json\/wp\/v2\/users\/1"}],"replies":[{"embeddable":true,"href":"https:\/\/www.encontramogimirim.com.br\/noticias\/wp-json\/wp\/v2\/comments?post=308"}],"version-history":[{"count":2,"href":"https:\/\/www.encontramogimirim.com.br\/noticias\/wp-json\/wp\/v2\/posts\/308\/revisions"}],"predecessor-version":[{"id":1156,"href":"https:\/\/www.encontramogimirim.com.br\/noticias\/wp-json\/wp\/v2\/posts\/308\/revisions\/1156"}],"wp:attachment":[{"href":"https:\/\/www.encontramogimirim.com.br\/noticias\/wp-json\/wp\/v2\/media?parent=308"}],"wp:term":[{"taxonomy":"category","embeddable":true,"href":"https:\/\/www.encontramogimirim.com.br\/noticias\/wp-json\/wp\/v2\/categories?post=308"},{"taxonomy":"post_tag","embeddable":true,"href":"https:\/\/www.encontramogimirim.com.br\/noticias\/wp-json\/wp\/v2\/tags?post=308"}],"curies":[{"name":"wp","href":"https:\/\/api.w.org\/{rel}","templated":true}]}}