{"id":314,"date":"2011-12-06T14:11:23","date_gmt":"2011-12-06T16:11:23","guid":{"rendered":"http:\/\/www.encontramogimirim.com.br\/noticias\/?p=314"},"modified":"2013-08-15T12:29:19","modified_gmt":"2013-08-15T14:29:19","slug":"audiencia-debate-instalacao-de-data-center-do-banco-itau-em-mogi-mirim","status":"publish","type":"post","link":"https:\/\/www.encontramogimirim.com.br\/noticias\/audiencia-debate-instalacao-de-data-center-do-banco-itau-em-mogi-mirim\/","title":{"rendered":"Audi\u00eancia debate instala\u00e7\u00e3o de Data Center do banco Ita\u00fa em Mogi Mirim"},"content":{"rendered":"<p>J\u00e1 est\u00e1 tudo 99,99% acertado. Palavras inclusive do prefeito Carlos Nelson Bueno (PSDB). Mas, a chegada do Data Center &#8211; Centro Tecnol\u00f3gico de Opera\u00e7\u00f5es (CTO) do Ita\u00fa para a cidade Mogi Mirim ainda passar\u00e1 pelo debate com a popula\u00e7\u00e3o. Em Audi\u00eancia P\u00fablica que ser\u00e1 realizada na C\u00e2mara Municipal na pr\u00f3xima quarta-feira, 7, prefeitura e representantes da institui\u00e7\u00e3o financeira estar\u00e3o ao lado de vereadores e membros da sociedade em geral. O intuito \u00e9 discutir os impactos referentes \u00e0 poss\u00edvel instala\u00e7\u00e3o do Data Center, que nada mais \u00e9 que uma grande central de dados em que todas as informa\u00e7\u00f5es do banco estar\u00e3o concentradas.<\/p>\n<p>As negocia\u00e7\u00f5es entre a empresa e a prefeitura avan\u00e7aram na \u00faltima semana, quando algumas barreiras burocr\u00e1ticas foram derrubadas. A sugest\u00e3o para que a audi\u00eancia fosse feita partiu da promotora, Cristiane Correa de Souza Hillal, e foi acatada pelo prefeito.<\/p>\n<p>A vinda do empreendimento ainda est\u00e1 com negocia\u00e7\u00f5es avan\u00e7adas e, caso se concretize, o Ita\u00fa ir\u00e1 adquirir uma \u00e1rea de 826.526,00 m\u00b2 pr\u00f3xima ao Distrito Industrial II \u2018Luiz Torrani\u2019, pertencente \u00e0 Jussara Vieira. O local fica entre o Distrito Industrial citado (bem pr\u00f3ximo \u00e0 Sab\u00f3) e as Ch\u00e1caras Sol Nascente, \u00e0s margens da SP-340. A expectativa \u00e9 de que o investimento em alta tecnologia que possa gerar cerca de R$ 1 bilh\u00e3o (US$ 540,5 milh\u00f5es), sendo R$ 500 milh\u00f5es (US$ 270,3 milh\u00f5es) na primeira fase.<\/p>\n<p>Nas \u00faltimas semanas, a prefeitura tomou algumas provid\u00eancias para atender necessidades da empresa como, por exemplo, buscar uma maior capacidade energ\u00e9tica da cidade com apoio do Governo do Estado, por meio da Secretaria de Saneamento e Energia. Mesmo com a proximidade do an\u00fancio, a prefeitura sabe que outras cidades ainda pleiteiam o Data Center, mesmo assim \u00e9 certo que n\u00e3o haver\u00e1 demora para a oficializa\u00e7\u00e3o do empreendimento, j\u00e1 que o banco pretende iniciar os trabalhos de constru\u00e7\u00e3o do pr\u00e9dio at\u00e9 mar\u00e7o de 2012. A primeira etapa operacional est\u00e1 prevista para o final de 2013, com conseq\u00fcentes fases para 2019 e 2034.<\/p>\n<p><em>Fonte: A Comarca<\/em><\/p>\n","protected":false},"excerpt":{"rendered":"<p>J\u00e1 est\u00e1 tudo 99,99% acertado. Palavras inclusive do prefeito Carlos Nelson Bueno (PSDB). Mas, a chegada do Data Center &#8211; Centro Tecnol\u00f3gico de Opera\u00e7\u00f5es (CTO) do Ita\u00fa para a cidade Mogi Mirim ainda passar\u00e1 pelo debate com a popula\u00e7\u00e3o. Em Audi\u00eancia P\u00fablica que ser\u00e1 realizada na C\u00e2mara Municipal na pr\u00f3xima quarta-feira, 7, prefeitura e representantes [&hellip;]<\/p>\n","protected":false},"author":1,"featured_media":0,"comment_status":"open","ping_status":"open","sticky":false,"template":"","format":"standard","meta":{"footnotes":""},"categories":[6],"tags":[14],"class_list":["post-314","post","type-post","status-publish","format-standard","hentry","category-noticias","tag-mogi-mirim"],"_links":{"self":[{"href":"https:\/\/www.encontramogimirim.com.br\/noticias\/wp-json\/wp\/v2\/posts\/314","targetHints":{"allow":["GET"]}}],"collection":[{"href":"https:\/\/www.encontramogimirim.com.br\/noticias\/wp-json\/wp\/v2\/posts"}],"about":[{"href":"https:\/\/www.encontramogimirim.com.br\/noticias\/wp-json\/wp\/v2\/types\/post"}],"author":[{"embeddable":true,"href":"https:\/\/www.encontramogimirim.com.br\/noticias\/wp-json\/wp\/v2\/users\/1"}],"replies":[{"embeddable":true,"href":"https:\/\/www.encontramogimirim.com.br\/noticias\/wp-json\/wp\/v2\/comments?post=314"}],"version-history":[{"count":3,"href":"https:\/\/www.encontramogimirim.com.br\/noticias\/wp-json\/wp\/v2\/posts\/314\/revisions"}],"predecessor-version":[{"id":1207,"href":"https:\/\/www.encontramogimirim.com.br\/noticias\/wp-json\/wp\/v2\/posts\/314\/revisions\/1207"}],"wp:attachment":[{"href":"https:\/\/www.encontramogimirim.com.br\/noticias\/wp-json\/wp\/v2\/media?parent=314"}],"wp:term":[{"taxonomy":"category","embeddable":true,"href":"https:\/\/www.encontramogimirim.com.br\/noticias\/wp-json\/wp\/v2\/categories?post=314"},{"taxonomy":"post_tag","embeddable":true,"href":"https:\/\/www.encontramogimirim.com.br\/noticias\/wp-json\/wp\/v2\/tags?post=314"}],"curies":[{"name":"wp","href":"https:\/\/api.w.org\/{rel}","templated":true}]}}