{"id":340,"date":"2012-01-03T13:58:21","date_gmt":"2012-01-03T15:58:21","guid":{"rendered":"http:\/\/www.encontramogimirim.com.br\/noticias\/?p=340"},"modified":"2013-08-15T12:29:19","modified_gmt":"2013-08-15T14:29:19","slug":"chuvas-em-mogi-mirim-adiam-entrega-de-casas-do-programa-minha-casa-minha-vida-para-primeiro-bimestre-de-2012","status":"publish","type":"post","link":"https:\/\/www.encontramogimirim.com.br\/noticias\/chuvas-em-mogi-mirim-adiam-entrega-de-casas-do-programa-minha-casa-minha-vida-para-primeiro-bimestre-de-2012\/","title":{"rendered":"Chuvas em Mogi Mirim adiam entrega de casas do programa \u2018Minha Casa Minha Vida\u2019 para primeiro bimestre de 2012"},"content":{"rendered":"<p>As 352 casas do programa \u2018Minha Casa Minha Vida\u2019 que est\u00e3o sendo constru\u00eddas no Jardim Planalto, devem ser entregues para a popula\u00e7\u00e3o s\u00f3 no final do primeiro bimestre de 2012. A meta de preencher as moradias at\u00e9 o final de novembro n\u00e3o foi atingida e, de acordo com a administra\u00e7\u00e3o, o motivo foram as chuvas. Com um novo per\u00edodo de tempo inst\u00e1vel, \u00e9 prov\u00e1vel que a finaliza\u00e7\u00e3o das obras se estenda at\u00e9 o final de fevereiro.<\/p>\n<p>A empresa respons\u00e1vel pelas obras, a Riwenda, est\u00e1 em fase de acabamento das resid\u00eancias e as vias est\u00e3o entrando no per\u00edodo de conclus\u00e3o. Em agosto, os Departamentos de Promo\u00e7\u00e3o Social e de Habita\u00e7\u00e3o convocaram, por meio de carta, 500 fam\u00edlias inscritas e selecionadas no programa \u2018Minha Casa, Minha Vida\u2019, sendo 148 fam\u00edlias constantes na lista de espera. No mesmo m\u00eas, foi realizada uma triagem e finalizada a lista dos os contemplados com o programa, que oferece financiamento proporcional \u00e0 renda mensal familiar.<\/p>\n<p>Na ficha titular, 352 fam\u00edlias, sendo 50% indicadas pelo munic\u00edpio por viverem em situa\u00e7\u00e3o de risco ou vulnerabilidade e outras 50% selecionadas porque atenderam as regras do programa e atingiram a pontua\u00e7\u00e3o necess\u00e1ria para a sele\u00e7\u00e3o, aguardam a entrega das casas. \u00a0De acordo com o programa federal, 3% das fam\u00edlias devem ser formadas por idosos e outras 3% de fam\u00edlias com deficientes, gerando assim uma prefer\u00eancia para estas categorias.<\/p>\n<p>MINHA CASA 2<\/p>\n<p>Em agosto, a cidade Mogi Mirim firmou um contrato com a Caixa Econ\u00f4mica Federal chamado de \u2018Termo de Ades\u00e3o\u2019 sinalizando que participar\u00e1 do embate entre munic\u00edpios que pleiteiam recursos para execu\u00e7\u00e3o do projeto da segunda etapa do \u2018Minha Casa Minha Vida\u2019. A administra\u00e7\u00e3o aguarda os pr\u00f3ximos passos para tentar trazer para a cidade mais um empreendimento habitacional.<\/p>\n<p>De acordo com o governo federal, nesta segunda etapa do programa haver\u00e1 algumas readequa\u00e7\u00f5es. As casas devem ser constru\u00eddas com uma melhor ventila\u00e7\u00e3o, aquecedor solar, pisos frios n\u00e3o s\u00f3 na cozinha e nos banheiros e uma acessibilidade mais plaus\u00edvel que a atual.<\/p>\n<p><em>Fonte: A Comarca<\/em><\/p>\n","protected":false},"excerpt":{"rendered":"<p>As 352 casas do programa \u2018Minha Casa Minha Vida\u2019 que est\u00e3o sendo constru\u00eddas no Jardim Planalto, devem ser entregues para a popula\u00e7\u00e3o s\u00f3 no final do primeiro bimestre de 2012. A meta de preencher as moradias at\u00e9 o final de novembro n\u00e3o foi atingida e, de acordo com a administra\u00e7\u00e3o, o motivo foram as chuvas. [&hellip;]<\/p>\n","protected":false},"author":1,"featured_media":0,"comment_status":"open","ping_status":"open","sticky":false,"template":"","format":"standard","meta":{"footnotes":""},"categories":[6],"tags":[14],"class_list":["post-340","post","type-post","status-publish","format-standard","hentry","category-noticias","tag-mogi-mirim"],"_links":{"self":[{"href":"https:\/\/www.encontramogimirim.com.br\/noticias\/wp-json\/wp\/v2\/posts\/340","targetHints":{"allow":["GET"]}}],"collection":[{"href":"https:\/\/www.encontramogimirim.com.br\/noticias\/wp-json\/wp\/v2\/posts"}],"about":[{"href":"https:\/\/www.encontramogimirim.com.br\/noticias\/wp-json\/wp\/v2\/types\/post"}],"author":[{"embeddable":true,"href":"https:\/\/www.encontramogimirim.com.br\/noticias\/wp-json\/wp\/v2\/users\/1"}],"replies":[{"embeddable":true,"href":"https:\/\/www.encontramogimirim.com.br\/noticias\/wp-json\/wp\/v2\/comments?post=340"}],"version-history":[{"count":3,"href":"https:\/\/www.encontramogimirim.com.br\/noticias\/wp-json\/wp\/v2\/posts\/340\/revisions"}],"predecessor-version":[{"id":1208,"href":"https:\/\/www.encontramogimirim.com.br\/noticias\/wp-json\/wp\/v2\/posts\/340\/revisions\/1208"}],"wp:attachment":[{"href":"https:\/\/www.encontramogimirim.com.br\/noticias\/wp-json\/wp\/v2\/media?parent=340"}],"wp:term":[{"taxonomy":"category","embeddable":true,"href":"https:\/\/www.encontramogimirim.com.br\/noticias\/wp-json\/wp\/v2\/categories?post=340"},{"taxonomy":"post_tag","embeddable":true,"href":"https:\/\/www.encontramogimirim.com.br\/noticias\/wp-json\/wp\/v2\/tags?post=340"}],"curies":[{"name":"wp","href":"https:\/\/api.w.org\/{rel}","templated":true}]}}