{"id":342,"date":"2012-01-03T14:02:25","date_gmt":"2012-01-03T16:02:25","guid":{"rendered":"http:\/\/www.encontramogimirim.com.br\/noticias\/?p=342"},"modified":"2013-08-15T12:29:31","modified_gmt":"2013-08-15T14:29:31","slug":"inicio-da-operacao-do-esgoto-em-mogi-mirim-e-prevista-para-fevereiro","status":"publish","type":"post","link":"https:\/\/www.encontramogimirim.com.br\/noticias\/inicio-da-operacao-do-esgoto-em-mogi-mirim-e-prevista-para-fevereiro\/","title":{"rendered":"In\u00edcio da opera\u00e7\u00e3o do esgoto em Mogi Mirim \u00e9 prevista para fevereiro"},"content":{"rendered":"<p>A duas primeiras etapas do sistema de tratamento de esgotos de guia Mogi Mirim dever\u00e3o entrar em funcionamento em fevereiro. O novo prazo foi informado ao Saae (Servi\u00e7o Aut\u00f4nomo de \u00c1gua e Esgotos) pelo cons\u00f3rcio Sesamm, que executa a obra.\u00a0A previs\u00e3o inicial seria de que o sistema estaria operando em novembro ou dezembro, mas o limite do cronograma oficial \u00e9 at\u00e9 mar\u00e7o. \u00a0O \u00fanico ponto da obra que estava paralisado, \u00e0s margens da SP-340, ao lado do Hotel Sol do Mogi, foi retomado em 1\u00ba de dezembro, tamb\u00e9m segundo informa\u00e7\u00f5es prestadas pelo Sesamm \u00e0 autarquia municipal.<\/p>\n<p>A reportagem esteve no local, mas pelo menos o ponto mais pr\u00f3ximo da estrada, onde estava sendo aberto um t\u00fanel para atravessar a rodovia, continua sem nenhuma atividade. O trecho da obra que foi retomado fica mais para dentro da mata, em local n\u00e3o acess\u00edvel e que n\u00e3o \u00e9 poss\u00edvel ver da rodovia, informou o diretor de Esgoto e Res\u00edduos do Saae, Luiz Manoel Furigo. No local, empreiteira terceirizada est\u00e1 instalando tubula\u00e7\u00f5es de concreto.\u00a0O ponto onde estava sendo escavado o t\u00fanel, al\u00e9m de paralisado por causa do gasoduto da Comg\u00e1s estar muito pr\u00f3ximo, tamb\u00e9m foi interditado em 13 de setembro pelo Minist\u00e9rio do Trabalho.\u00a0Para o trecho ser retomado, o Sesamm precisa obter a autoriza\u00e7\u00e3o do auditor fiscal do trabalho, Ant\u00f4nio Carlos Avancini, que ainda n\u00e3o recebeu nenhum comunicado.<\/p>\n<p>Em fiscaliza\u00e7\u00e3o feita em setembro, Avancini cobrou a instala\u00e7\u00e3o de \u00e1reas de viv\u00eancia para refei\u00e7\u00e3o, sanit\u00e1rios e fornecimento de \u00e1gua pot\u00e1vel e tamb\u00e9m treinamento e fornecimento de equipamentos de prote\u00e7\u00e3o individual aos funcion\u00e1rios, que estavam trabalhando no t\u00fanel sem nenhuma capacita\u00e7\u00e3o. Duas empresas terceirizadas foram autuadas na ocasi\u00e3o.<\/p>\n<p><strong>SOLU\u00c7\u00c3O<\/strong><\/p>\n<p>Em vez de desviar o trajeto da tubula\u00e7\u00e3o de g\u00e1s natural da Comg\u00e1s que est\u00e1 no caminho, como era planejado inicialmente, o Sesamm ter\u00e1 que alterar o trajeto do emiss\u00e1rio. \u00a0Na Renovias, o gasoduto est\u00e1 registrado como se estivesse h\u00e1 um metro e meio de profundidade, mas ao escavar o t\u00fanel, foi descoberto que a tubula\u00e7\u00e3o estava a 10,80 metros de profundidade, na mesma linha do emiss\u00e1rio. A solu\u00e7\u00e3o ser\u00e1 construir a tubula\u00e7\u00e3o de esgoto um pouco mais abaixo que o gasoduto.<\/p>\n<p>A obra dever\u00e1 ser conclu\u00edda no final de janeiro ou come\u00e7o de fevereiro. Os demais trechos em obras e a Esta\u00e7\u00e3o de Tratamento de Esgotos, na regi\u00e3o da Cloroetil, devem ficar prontos em janeiro.<\/p>\n<p><em>Fonte: O Popular<\/em><\/p>\n","protected":false},"excerpt":{"rendered":"<p>A duas primeiras etapas do sistema de tratamento de esgotos de guia Mogi Mirim dever\u00e3o entrar em funcionamento em fevereiro. O novo prazo foi informado ao Saae (Servi\u00e7o Aut\u00f4nomo de \u00c1gua e Esgotos) pelo cons\u00f3rcio Sesamm, que executa a obra.\u00a0A previs\u00e3o inicial seria de que o sistema estaria operando em novembro ou dezembro, mas o [&hellip;]<\/p>\n","protected":false},"author":1,"featured_media":0,"comment_status":"open","ping_status":"open","sticky":false,"template":"","format":"standard","meta":{"footnotes":""},"categories":[6],"tags":[14],"class_list":["post-342","post","type-post","status-publish","format-standard","hentry","category-noticias","tag-mogi-mirim"],"_links":{"self":[{"href":"https:\/\/www.encontramogimirim.com.br\/noticias\/wp-json\/wp\/v2\/posts\/342","targetHints":{"allow":["GET"]}}],"collection":[{"href":"https:\/\/www.encontramogimirim.com.br\/noticias\/wp-json\/wp\/v2\/posts"}],"about":[{"href":"https:\/\/www.encontramogimirim.com.br\/noticias\/wp-json\/wp\/v2\/types\/post"}],"author":[{"embeddable":true,"href":"https:\/\/www.encontramogimirim.com.br\/noticias\/wp-json\/wp\/v2\/users\/1"}],"replies":[{"embeddable":true,"href":"https:\/\/www.encontramogimirim.com.br\/noticias\/wp-json\/wp\/v2\/comments?post=342"}],"version-history":[{"count":3,"href":"https:\/\/www.encontramogimirim.com.br\/noticias\/wp-json\/wp\/v2\/posts\/342\/revisions"}],"predecessor-version":[{"id":1376,"href":"https:\/\/www.encontramogimirim.com.br\/noticias\/wp-json\/wp\/v2\/posts\/342\/revisions\/1376"}],"wp:attachment":[{"href":"https:\/\/www.encontramogimirim.com.br\/noticias\/wp-json\/wp\/v2\/media?parent=342"}],"wp:term":[{"taxonomy":"category","embeddable":true,"href":"https:\/\/www.encontramogimirim.com.br\/noticias\/wp-json\/wp\/v2\/categories?post=342"},{"taxonomy":"post_tag","embeddable":true,"href":"https:\/\/www.encontramogimirim.com.br\/noticias\/wp-json\/wp\/v2\/tags?post=342"}],"curies":[{"name":"wp","href":"https:\/\/api.w.org\/{rel}","templated":true}]}}