{"id":381,"date":"2012-02-02T13:25:03","date_gmt":"2012-02-02T15:25:03","guid":{"rendered":"http:\/\/www.encontramogimirim.com.br\/noticias\/?p=381"},"modified":"2013-08-15T12:29:23","modified_gmt":"2013-08-15T14:29:23","slug":"ciretran-de-mogi-mirim-convoca-veiculos-escolares-para-vistorias","status":"publish","type":"post","link":"https:\/\/www.encontramogimirim.com.br\/noticias\/ciretran-de-mogi-mirim-convoca-veiculos-escolares-para-vistorias\/","title":{"rendered":"Ciretran de Mogi Mirim convoca ve\u00edculos escolares para vistorias"},"content":{"rendered":"<p>Em car\u00e1ter extraordin\u00e1rio, a Ciretran (Circunscri\u00e7\u00e3o Regional de Tr\u00e2nsito) de Mogi Mirim est\u00e1 convocando os condutores de transportes escolares, cadastrados na <a href=\"http:\/\/www.encontramogimirim.com.br\/mogi-mirim\/prefeitura-mogi-mirim.shtml\" target=\"_blank\">Prefeitura Municipal<\/a>, a realizarem a vistoria semestral em seus ve\u00edculos. As vistorias acontecem entre 9h e 11h em datas fixadas de acordo com o final da placa do ve\u00edculo.<\/p>\n<p>O oficial administrativo da Ciretran local, Rodolfo Lu\u00eds Caetano, explicou que as vistorias aos ve\u00edculos escolares normalmente acontecem no m\u00eas de janeiro, antes do in\u00edcio das aulas, mas o processo foi adiado este ano para fevereiro.<br \/>\nOs documentos necess\u00e1rios s\u00e3o requerimento solicitando autoriza\u00e7\u00e3o para transporte de escolares, antecedentes criminais do condutor, c\u00f3pia simples da Carteira Nacional de Habilita\u00e7\u00e3o (CNH) do condutor, c\u00f3pia simples (frente e verso) do DUAL e do DUT do ve\u00edculo, cart\u00e3o CNPJ da empresa propriet\u00e1ria do ve\u00edculo ou c\u00f3pia simples do CPF e RG do propriet\u00e1rio, em caso de pessoa f\u00edsica. O valor da vistoria semestral de ve\u00edculos de transporte escolar \u00e9 de R$101,42.<\/p>\n<p>A convoca\u00e7\u00e3o atende \u00e0 portaria n\u00ba 503\/2009, fixada pelo Departamento Estadual de Tr\u00e2nsito, que prev\u00ea que ve\u00edculos destinados ao transporte de escolares devem ser submetidos \u00e0 inspe\u00e7\u00e3o semestral para verifica\u00e7\u00e3o dos equipamentos obrigat\u00f3rios, de seguran\u00e7a e demais requisitos. O ve\u00edculo n\u00e3o submetido \u00e0 inspe\u00e7\u00e3o semestral ou reprovado pela unidade de tr\u00e2nsito ter\u00e1 o seu registro bloqueado.<\/p>\n<p>Entre outras condi\u00e7\u00f5es, a portaria aponta que o condutor de ve\u00edculo destinado ao transporte de escolares deve ter idade superior a 21 anos, possuir habilita\u00e7\u00e3o na categoria D, ser aprovado em curso especializado, n\u00e3o ter cometido nenhuma infra\u00e7\u00e3o grave ou grav\u00edssima e n\u00e3o ser reincidente em infra\u00e7\u00f5es m\u00e9dias durante os doze \u00faltimos meses.<\/p>\n<p>Quanto ao ve\u00edculo, as exig\u00eancias s\u00e3o: registro como ve\u00edculo de passageiros, classificado na categoria aluguel, pintura de faixa horizontal na cor amarela, em toda a extens\u00e3o das partes laterais e traseira da carro\u00e7aria, com os dizeres \u2018escolar\u2019. Os equipamentos de seguran\u00e7a obrigat\u00f3rios s\u00e3o cintos de seguran\u00e7a em n\u00famero igual \u00e0 lota\u00e7\u00e3o, extintor de inc\u00eandio com carga de p\u00f3 qu\u00edmico seco ou de g\u00e1s carb\u00f4nico de quatro quilos, limitadores de abertura dos vidros corredi\u00e7os, dispositivos pr\u00f3prios para a quebra ou remo\u00e7\u00e3o de vidros em caso de acidente.<\/p>\n<p><em>Fonte: A Comarca<\/em><\/p>\n","protected":false},"excerpt":{"rendered":"<p>Em car\u00e1ter extraordin\u00e1rio, a Ciretran (Circunscri\u00e7\u00e3o Regional de Tr\u00e2nsito) de Mogi Mirim est\u00e1 convocando os condutores de transportes escolares, cadastrados na Prefeitura Municipal, a realizarem a vistoria semestral em seus ve\u00edculos. As vistorias acontecem entre 9h e 11h em datas fixadas de acordo com o final da placa do ve\u00edculo. O oficial administrativo da Ciretran [&hellip;]<\/p>\n","protected":false},"author":1,"featured_media":0,"comment_status":"open","ping_status":"open","sticky":false,"template":"","format":"standard","meta":{"footnotes":""},"categories":[6],"tags":[14],"class_list":["post-381","post","type-post","status-publish","format-standard","hentry","category-noticias","tag-mogi-mirim"],"_links":{"self":[{"href":"https:\/\/www.encontramogimirim.com.br\/noticias\/wp-json\/wp\/v2\/posts\/381","targetHints":{"allow":["GET"]}}],"collection":[{"href":"https:\/\/www.encontramogimirim.com.br\/noticias\/wp-json\/wp\/v2\/posts"}],"about":[{"href":"https:\/\/www.encontramogimirim.com.br\/noticias\/wp-json\/wp\/v2\/types\/post"}],"author":[{"embeddable":true,"href":"https:\/\/www.encontramogimirim.com.br\/noticias\/wp-json\/wp\/v2\/users\/1"}],"replies":[{"embeddable":true,"href":"https:\/\/www.encontramogimirim.com.br\/noticias\/wp-json\/wp\/v2\/comments?post=381"}],"version-history":[{"count":2,"href":"https:\/\/www.encontramogimirim.com.br\/noticias\/wp-json\/wp\/v2\/posts\/381\/revisions"}],"predecessor-version":[{"id":1262,"href":"https:\/\/www.encontramogimirim.com.br\/noticias\/wp-json\/wp\/v2\/posts\/381\/revisions\/1262"}],"wp:attachment":[{"href":"https:\/\/www.encontramogimirim.com.br\/noticias\/wp-json\/wp\/v2\/media?parent=381"}],"wp:term":[{"taxonomy":"category","embeddable":true,"href":"https:\/\/www.encontramogimirim.com.br\/noticias\/wp-json\/wp\/v2\/categories?post=381"},{"taxonomy":"post_tag","embeddable":true,"href":"https:\/\/www.encontramogimirim.com.br\/noticias\/wp-json\/wp\/v2\/tags?post=381"}],"curies":[{"name":"wp","href":"https:\/\/api.w.org\/{rel}","templated":true}]}}