{"id":383,"date":"2012-02-02T13:17:12","date_gmt":"2012-02-02T15:17:12","guid":{"rendered":"http:\/\/www.encontramogimirim.com.br\/noticias\/?p=383"},"modified":"2013-08-15T12:29:30","modified_gmt":"2013-08-15T14:29:30","slug":"caem-casos-de-afogamento-em-mogi-mirim","status":"publish","type":"post","link":"https:\/\/www.encontramogimirim.com.br\/noticias\/caem-casos-de-afogamento-em-mogi-mirim\/","title":{"rendered":"Caem casos de afogamento em Mogi Mirim"},"content":{"rendered":"<p>Casos de afogamentos em rios, lagos ou lagoas se tornaram raridade na cidade de Mogi Mirim. Ao contr\u00e1rio da preocupa\u00e7\u00e3o nessa \u00e9poca do ano, n\u00e3o houve caso de afogamento em 2012 e nem mesmo em todo o ano de 2011.\u00a0O \u00faltimo caso foi registrado em setembro de 2010, quando um garoto de 12 anos morreu na Ch\u00e1caras Sol Nascente.<\/p>\n<p>O coordenador da Defesa Civil, Carlos Alberto Gomes, entende que a nulidade de casos est\u00e1 relacionada \u00e0 conscientiza\u00e7\u00e3o das pessoas, at\u00e9 pelas campanhas de alertas a banhistas veiculadas na imprensa e feitas nas escolas.\u00a0Gomes alerta para os riscos enfrentados por quem se aventura a nadar em locais inapropriados. A divers\u00e3o acaba virando desastre.\u00a0\u201cO banhista nunca sabe o que vai encontrar, arame, pau, pedra e acaba se complicando. \u00c1gua no umbigo \u00e9 sinal de perigo, principalmente para quem n\u00e3o sabe nadar\u201d, alerta, lembrando especialmente dos riscos de bebidas alco\u00f3licas. \u201cBebida e rio n\u00e3o combinam\u201d, salienta.<\/p>\n<p>Al\u00e9m da Sol Nascente, outros pontos procurados e perigosos s\u00e3o um tanque na Ch\u00e1caras S\u00e3o Marcelo e a Cachoeira, esta muito utilizada antes de ter sido feita a barragem.<\/p>\n<p><em>Fonte: O Popular<\/em><\/p>\n","protected":false},"excerpt":{"rendered":"<p>Casos de afogamentos em rios, lagos ou lagoas se tornaram raridade na cidade de Mogi Mirim. Ao contr\u00e1rio da preocupa\u00e7\u00e3o nessa \u00e9poca do ano, n\u00e3o houve caso de afogamento em 2012 e nem mesmo em todo o ano de 2011.\u00a0O \u00faltimo caso foi registrado em setembro de 2010, quando um garoto de 12 anos morreu [&hellip;]<\/p>\n","protected":false},"author":1,"featured_media":0,"comment_status":"open","ping_status":"open","sticky":false,"template":"","format":"standard","meta":{"footnotes":""},"categories":[6],"tags":[14],"class_list":["post-383","post","type-post","status-publish","format-standard","hentry","category-noticias","tag-mogi-mirim"],"_links":{"self":[{"href":"https:\/\/www.encontramogimirim.com.br\/noticias\/wp-json\/wp\/v2\/posts\/383","targetHints":{"allow":["GET"]}}],"collection":[{"href":"https:\/\/www.encontramogimirim.com.br\/noticias\/wp-json\/wp\/v2\/posts"}],"about":[{"href":"https:\/\/www.encontramogimirim.com.br\/noticias\/wp-json\/wp\/v2\/types\/post"}],"author":[{"embeddable":true,"href":"https:\/\/www.encontramogimirim.com.br\/noticias\/wp-json\/wp\/v2\/users\/1"}],"replies":[{"embeddable":true,"href":"https:\/\/www.encontramogimirim.com.br\/noticias\/wp-json\/wp\/v2\/comments?post=383"}],"version-history":[{"count":4,"href":"https:\/\/www.encontramogimirim.com.br\/noticias\/wp-json\/wp\/v2\/posts\/383\/revisions"}],"predecessor-version":[{"id":1362,"href":"https:\/\/www.encontramogimirim.com.br\/noticias\/wp-json\/wp\/v2\/posts\/383\/revisions\/1362"}],"wp:attachment":[{"href":"https:\/\/www.encontramogimirim.com.br\/noticias\/wp-json\/wp\/v2\/media?parent=383"}],"wp:term":[{"taxonomy":"category","embeddable":true,"href":"https:\/\/www.encontramogimirim.com.br\/noticias\/wp-json\/wp\/v2\/categories?post=383"},{"taxonomy":"post_tag","embeddable":true,"href":"https:\/\/www.encontramogimirim.com.br\/noticias\/wp-json\/wp\/v2\/tags?post=383"}],"curies":[{"name":"wp","href":"https:\/\/api.w.org\/{rel}","templated":true}]}}