{"id":388,"date":"2012-02-07T14:56:21","date_gmt":"2012-02-07T16:56:21","guid":{"rendered":"http:\/\/www.encontramogimirim.com.br\/noticias\/?p=388"},"modified":"2013-08-15T12:29:30","modified_gmt":"2013-08-15T14:29:30","slug":"prefeitura-de-mogi-mirim-prorroga-prazo-da-primeira-parcela-do-iptu","status":"publish","type":"post","link":"https:\/\/www.encontramogimirim.com.br\/noticias\/prefeitura-de-mogi-mirim-prorroga-prazo-da-primeira-parcela-do-iptu\/","title":{"rendered":"Prefeitura de Mogi Mirim prorroga prazo da primeira parcela do IPTU"},"content":{"rendered":"<p>O atraso na entrega dos carn\u00eas do IPTU (Imposto Predial Territorial Urbano) tem deixado a popula\u00e7\u00e3o da cidade de Mogi Mirim cheia de d\u00favidas e o balc\u00e3o do setor de tributos da prefeitura com grande movimenta\u00e7\u00e3o. De acordo com a administra\u00e7\u00e3o, a demora ocorreu devido a problema da empresa que foi contratada para a confec\u00e7\u00e3o dos carn\u00eas e assim os mogimirianos receber\u00e3o o documento ap\u00f3s a data prevista inicialmente pela Prefeitura.<\/p>\n<p>Como o prazo foi estourado, muitos contribuintes n\u00e3o receberam os carn\u00eas e as d\u00favidas s\u00e3o v\u00e1rias. O aposentado Jos\u00e9 Pereira Sobrinho foi um dos que procurou a reportagem interessado em saber como funcionam as quest\u00f5es relacionadas aos vencimentos. Em contato com o encarregado da Divis\u00e3o em Gest\u00e3o Tribut\u00e1ria, do Departamento Financeiro, Jos\u00e9 Ant\u00f4nio de Oliveira, ficou esclarecido que por meio de um decreto municipal os vencimentos foram postergados em um m\u00eas, fechando assim o vencimento da primeira parcela do IPTU para 29 de fevereiro. \u201cA \u00fanica implic\u00e2ncia \u00e9 a de que o pagamento desta parcela ap\u00f3s a \u00faltima ter\u00e7a-feira, dia 31 de janeiro (data em que venceu a primeira parcela) s\u00f3 poder\u00e1 ser feita na Caixa Econ\u00f4mica Federal (CEF) e nas casas lot\u00e9ricas\u201d, explicou o encarregado.<\/p>\n<p>Os que desejam efetuar o pagamento em cota \u00fanica ter\u00e3o at\u00e9 o dia 31 de mar\u00e7o para faz\u00ea-lo, contando com um desconto de 10% do valor total, j\u00e1 calculado pela prefeitura. \u201c\u00c9 sempre bom lembrar que se o contribuinte optar pelo pagamento em cota \u00fanica e estourar o prazo, ele perder\u00e1 o direito ao desconto e ainda sofrer\u00e1 com a aplica\u00e7\u00e3o de multa e juros com rela\u00e7\u00e3o \u00e0s parcelas referentes aos meses anteriores\u201d, frisou Oliveira, explicando que se o mun\u00edcipe efetuar o pagamento da primeira parcela ele estar\u00e1 automaticamente perdendo o direito de pagar a cota \u00fanica com desconto.<\/p>\n<p>BALC\u00c3O<\/p>\n<p>Com a demora na chegada dos carn\u00eas nas resid\u00eancias muitos contribuintes tem procurado o balc\u00e3o do Departamento Financeiro para retirar o carn\u00ea e efetuar o pagamento. De acordo com Oliveira os interessados dever\u00e3o se dirigir com o carn\u00ea referente ao exerc\u00edcio de 2011, para facilitar o encontro do carn\u00ea atual, j\u00e1 que ambos os documentos possuem o mesmo n\u00famero de cadastro.<\/p>\n<p>Oliveira frisa que a entrega dos carn\u00eas est\u00e1 se encerrando. Pouco mais de 27 mil dos cerca de 36 mil carn\u00eas, est\u00e3o nas m\u00e3os dos contribuintes, ou em vias de ser entregue.<\/p>\n<p><em>Fonte: A Comarca<\/em><\/p>\n","protected":false},"excerpt":{"rendered":"<p>O atraso na entrega dos carn\u00eas do IPTU (Imposto Predial Territorial Urbano) tem deixado a popula\u00e7\u00e3o da cidade de Mogi Mirim cheia de d\u00favidas e o balc\u00e3o do setor de tributos da prefeitura com grande movimenta\u00e7\u00e3o. De acordo com a administra\u00e7\u00e3o, a demora ocorreu devido a problema da empresa que foi contratada para a confec\u00e7\u00e3o [&hellip;]<\/p>\n","protected":false},"author":1,"featured_media":0,"comment_status":"open","ping_status":"open","sticky":false,"template":"","format":"standard","meta":{"footnotes":""},"categories":[6],"tags":[14],"class_list":["post-388","post","type-post","status-publish","format-standard","hentry","category-noticias","tag-mogi-mirim"],"_links":{"self":[{"href":"https:\/\/www.encontramogimirim.com.br\/noticias\/wp-json\/wp\/v2\/posts\/388","targetHints":{"allow":["GET"]}}],"collection":[{"href":"https:\/\/www.encontramogimirim.com.br\/noticias\/wp-json\/wp\/v2\/posts"}],"about":[{"href":"https:\/\/www.encontramogimirim.com.br\/noticias\/wp-json\/wp\/v2\/types\/post"}],"author":[{"embeddable":true,"href":"https:\/\/www.encontramogimirim.com.br\/noticias\/wp-json\/wp\/v2\/users\/1"}],"replies":[{"embeddable":true,"href":"https:\/\/www.encontramogimirim.com.br\/noticias\/wp-json\/wp\/v2\/comments?post=388"}],"version-history":[{"count":3,"href":"https:\/\/www.encontramogimirim.com.br\/noticias\/wp-json\/wp\/v2\/posts\/388\/revisions"}],"predecessor-version":[{"id":1364,"href":"https:\/\/www.encontramogimirim.com.br\/noticias\/wp-json\/wp\/v2\/posts\/388\/revisions\/1364"}],"wp:attachment":[{"href":"https:\/\/www.encontramogimirim.com.br\/noticias\/wp-json\/wp\/v2\/media?parent=388"}],"wp:term":[{"taxonomy":"category","embeddable":true,"href":"https:\/\/www.encontramogimirim.com.br\/noticias\/wp-json\/wp\/v2\/categories?post=388"},{"taxonomy":"post_tag","embeddable":true,"href":"https:\/\/www.encontramogimirim.com.br\/noticias\/wp-json\/wp\/v2\/tags?post=388"}],"curies":[{"name":"wp","href":"https:\/\/api.w.org\/{rel}","templated":true}]}}