{"id":394,"date":"2012-02-14T13:28:39","date_gmt":"2012-02-14T15:28:39","guid":{"rendered":"http:\/\/www.encontramogimirim.com.br\/noticias\/?p=394"},"modified":"2013-08-15T12:29:25","modified_gmt":"2013-08-15T14:29:25","slug":"ampliacao-do-aeroporto-de-mogi-mirim-em-pauta-no-plano-diretor-da-cidade","status":"publish","type":"post","link":"https:\/\/www.encontramogimirim.com.br\/noticias\/ampliacao-do-aeroporto-de-mogi-mirim-em-pauta-no-plano-diretor-da-cidade\/","title":{"rendered":"Amplia\u00e7\u00e3o do Aeroporto de Mogi Mirim em pauta no Plano Diretor da cidade"},"content":{"rendered":"<p>A chegada do Data Center do grupo Ita\u00fa-Unibanco para a cidade Mogi Mirim n\u00e3o \u00e9 o \u00fanico assunto que mexe com o desenvolvimento da cidade. Com um potencial de crescimento cada vez mais aflorado, o munic\u00edpio deve sofrer mudan\u00e7as que, ao menos na teoria, transmitem um ar de benef\u00edcio. Uma delas \u00e9 o Plano Diretor, que deve ser discutido nesse semestre e que teve alguns pontos abordados pelo prefeito Carlos Nelson Bueno (PSDB).<\/p>\n<p>O principal dele diz respeito \u00e0 retomada do projeto de expans\u00e3o do Aeroporto de Mogi Mirim, localizado no bairro da Cachoeira e que por muito foi deixado de lado pelas administra\u00e7\u00f5es do munic\u00edpio. Segundo Carlos Nelson, uma das tarefas do pr\u00f3ximo prefeito ser\u00e1 reativar o aeroporto, colocando Mogi Mirim na rota a\u00e9rea regional e nacional. \u201c\u00c9 uma das necessidades que deve ser enfrentada pela pr\u00f3xima gest\u00e3o. Faz cerca de um ano que interrompemos as conversas com a propriet\u00e1ria da \u00e1rea onde o aeroporto se localiza, mas \u00e9 algo que precisar\u00e1 entrar no Plano Diretor\u201d, afirmou o prefeito. A dona da \u00e1rea \u00e9 Carmem Ruette de Oliveira, herdeira da Usina Nossa Senhora Aparecida, em Itapira, e uma das maiores produtoras de cana-de-a\u00e7\u00facar da regi\u00e3o. Segundo o chefe do executivo, as \u00faltimas conversas foram infrut\u00edferas, mas nada que impe\u00e7a um futuro acerto para aquisi\u00e7\u00e3o da \u00e1rea.<\/p>\n<p>Al\u00e9m do aeroporto, Carlos Nelson citou a constru\u00e7\u00e3o de um Hospital Municipal e de um Pa\u00e7o Municipal. \u201cS\u00e3o elementos que se configuram como pr\u00f3ximas pe\u00e7as para a cidade seguir crescendo. O Pa\u00e7o, por exemplo, \u00e9 de suma import\u00e2ncia, j\u00e1 que aumentaria a excel\u00eancia nos trabalhos dos departamentos da prefeitura\u201d, disse o prefeito.<\/p>\n<p>HOMOLOGADA<br \/>\nPublica\u00e7\u00e3o exclusivamente voltada \u00e0 Circula\u00e7\u00e3o A\u00e9rea Nacional, o Manual Auxiliar de Rotas A\u00e9reas (ROTAER) \u00e9 um dos mais importantes manuais voltados aos voos nacionais, apresentando informa\u00e7\u00f5es espec\u00edficas como abreviaturas de uso exclusivamente nacional; resumo das normas nacionais de avia\u00e7\u00e3o civil; indicadores de localidades brasileiras (aer\u00f3dromos nacionais) e informa\u00e7\u00f5es sobre aer\u00f3dromos brasileiros e seus servi\u00e7os, aux\u00edlios e facilidades.<\/p>\n<p>E de acordo com o Rotaer, o Aeroporto Municipal de Mogi Mirim est\u00e1 devidamente homologado, ou seja, dispon\u00edvel para pousos e decolagens. A pista possui 1500 metros de extens\u00e3o por 30 de largura e o citado manual ainda apresenta as coordenadas do aeroporto, tornando-o a disposi\u00e7\u00e3o de aeronaves oriundas de qualquer parte do mundo. Tamb\u00e9m de acordo com o Decea (Departamento de Controle do Espa\u00e7o A\u00e9reo), a \u00e1rea \u00e9 considerada p\u00fablica, ficando ao governo municipal a responsabilidade de se aumentar a infra-estrutura, criando at\u00e9 mesmo um terminal para v\u00f4os comerciais.<\/p>\n<p><em>Fonte: A Comarca<\/em><\/p>\n","protected":false},"excerpt":{"rendered":"<p>A chegada do Data Center do grupo Ita\u00fa-Unibanco para a cidade Mogi Mirim n\u00e3o \u00e9 o \u00fanico assunto que mexe com o desenvolvimento da cidade. Com um potencial de crescimento cada vez mais aflorado, o munic\u00edpio deve sofrer mudan\u00e7as que, ao menos na teoria, transmitem um ar de benef\u00edcio. Uma delas \u00e9 o Plano Diretor, [&hellip;]<\/p>\n","protected":false},"author":1,"featured_media":0,"comment_status":"open","ping_status":"open","sticky":false,"template":"","format":"standard","meta":{"footnotes":""},"categories":[6],"tags":[14],"class_list":["post-394","post","type-post","status-publish","format-standard","hentry","category-noticias","tag-mogi-mirim"],"_links":{"self":[{"href":"https:\/\/www.encontramogimirim.com.br\/noticias\/wp-json\/wp\/v2\/posts\/394","targetHints":{"allow":["GET"]}}],"collection":[{"href":"https:\/\/www.encontramogimirim.com.br\/noticias\/wp-json\/wp\/v2\/posts"}],"about":[{"href":"https:\/\/www.encontramogimirim.com.br\/noticias\/wp-json\/wp\/v2\/types\/post"}],"author":[{"embeddable":true,"href":"https:\/\/www.encontramogimirim.com.br\/noticias\/wp-json\/wp\/v2\/users\/1"}],"replies":[{"embeddable":true,"href":"https:\/\/www.encontramogimirim.com.br\/noticias\/wp-json\/wp\/v2\/comments?post=394"}],"version-history":[{"count":3,"href":"https:\/\/www.encontramogimirim.com.br\/noticias\/wp-json\/wp\/v2\/posts\/394\/revisions"}],"predecessor-version":[{"id":1296,"href":"https:\/\/www.encontramogimirim.com.br\/noticias\/wp-json\/wp\/v2\/posts\/394\/revisions\/1296"}],"wp:attachment":[{"href":"https:\/\/www.encontramogimirim.com.br\/noticias\/wp-json\/wp\/v2\/media?parent=394"}],"wp:term":[{"taxonomy":"category","embeddable":true,"href":"https:\/\/www.encontramogimirim.com.br\/noticias\/wp-json\/wp\/v2\/categories?post=394"},{"taxonomy":"post_tag","embeddable":true,"href":"https:\/\/www.encontramogimirim.com.br\/noticias\/wp-json\/wp\/v2\/tags?post=394"}],"curies":[{"name":"wp","href":"https:\/\/api.w.org\/{rel}","templated":true}]}}