{"id":396,"date":"2012-02-14T13:34:06","date_gmt":"2012-02-14T15:34:06","guid":{"rendered":"http:\/\/www.encontramogimirim.com.br\/noticias\/?p=396"},"modified":"2013-08-15T12:29:33","modified_gmt":"2013-08-15T14:29:33","slug":"ibirapuera-e-memorial-da-america-latina-sao-referencias-para-arena-multiuso-de-mogi-mirim","status":"publish","type":"post","link":"https:\/\/www.encontramogimirim.com.br\/noticias\/ibirapuera-e-memorial-da-america-latina-sao-referencias-para-arena-multiuso-de-mogi-mirim\/","title":{"rendered":"Ibirapuera e Memorial da Am\u00e9rica Latina s\u00e3o refer\u00eancias para Arena Multiuso de Mogi Mirim"},"content":{"rendered":"<p align=\"justify\">Conhecer espa\u00e7os culturais renomados no Estado de S\u00e3o Paulo e saber um pouco mais sobre o funcionamento de cada um deles.<\/p>\n<p align=\"justify\">Com este objetivo, a comiss\u00e3o formada para delinear a\u00e7\u00f5es de implanta\u00e7\u00e3o da Arena Multiuso na em Mogi Mirim deu in\u00edcio esta semana a uma s\u00e9rie de visitas t\u00e9cnicas.<\/p>\n<p align=\"justify\">Na \u00faltima ter\u00e7a-feira, dia 07, a comiss\u00e3o presidida pela Vice-Prefeita Prof\u00aa Fl\u00e1via Rossi foi a S\u00e3o Paulo visitar o Parque do Ibirapuera e o Memorial da Am\u00e9rica Latina.<\/p>\n<p align=\"justify\">A Arena Multiuso ter\u00e1 a finalidade de atender os projetos culturais que j\u00e1 existem na cidade, al\u00e9m de permitir a cria\u00e7\u00e3o de novas atividades.<\/p>\n<p align=\"justify\">Entre as iniciativas est\u00e1 a constru\u00e7\u00e3o do futuro Centro Cultural.<\/p>\n<p align=\"justify\">A Vice-Prefeita confirmou que ser\u00e1 feito um concurso nacional para o projeto arquitet\u00f4nico do espa\u00e7o cultural. \u201cPor isso, come\u00e7amos a fazer as visitas t\u00e9cnicas. A partir da troca de informa\u00e7\u00f5es vamos elaborar o edital do concurso\u201d, disse Fl\u00e1via Rossi.<\/p>\n<p align=\"justify\">Segundo ela, pelo menos outras duas visitas ser\u00e3o feitas nas pr\u00f3ximas semanas. Os locais ainda ser\u00e3o definidos. A expectativa \u00e9 que entre mar\u00e7o e abril o edital esteja pronto e dispon\u00edvel para o concurso.<\/p>\n<p align=\"justify\">A comiss\u00e3o \u00e9 formada pela Vice-Prefeita Fl\u00e1via Rossi, pelos historiadores: Carmem Bridi e T\u00f3ride Celegatti, engenheiro Hideki Matsuda, advogado Andr\u00e9 Barbosa, empres\u00e1rio Ricardo Brand\u00e3o, arquiteta Sandra Bernardi, maestro Carlinhos Lima, professora Eliana Furno e Tarc\u00edsia Mazon que representa o ICA.<\/p>\n<p align=\"justify\">A vereadora Maria Helena Scudeler de Barros e a funcion\u00e1ria do Departamento de Planejamento da Prefeitura, T\u00e2nia Guimar\u00e3es tamb\u00e9m acompanharam as visitas t\u00e9cnicas em S\u00e3o Paulo.<\/p>\n<p align=\"justify\"><em>Fonte: Prefeitura de Mogi Mirim<\/em><\/p>\n","protected":false},"excerpt":{"rendered":"<p>Conhecer espa\u00e7os culturais renomados no Estado de S\u00e3o Paulo e saber um pouco mais sobre o funcionamento de cada um deles. Com este objetivo, a comiss\u00e3o formada para delinear a\u00e7\u00f5es de implanta\u00e7\u00e3o da Arena Multiuso na em Mogi Mirim deu in\u00edcio esta semana a uma s\u00e9rie de visitas t\u00e9cnicas. Na \u00faltima ter\u00e7a-feira, dia 07, a [&hellip;]<\/p>\n","protected":false},"author":1,"featured_media":0,"comment_status":"open","ping_status":"open","sticky":false,"template":"","format":"standard","meta":{"footnotes":""},"categories":[6],"tags":[14],"class_list":["post-396","post","type-post","status-publish","format-standard","hentry","category-noticias","tag-mogi-mirim"],"_links":{"self":[{"href":"https:\/\/www.encontramogimirim.com.br\/noticias\/wp-json\/wp\/v2\/posts\/396","targetHints":{"allow":["GET"]}}],"collection":[{"href":"https:\/\/www.encontramogimirim.com.br\/noticias\/wp-json\/wp\/v2\/posts"}],"about":[{"href":"https:\/\/www.encontramogimirim.com.br\/noticias\/wp-json\/wp\/v2\/types\/post"}],"author":[{"embeddable":true,"href":"https:\/\/www.encontramogimirim.com.br\/noticias\/wp-json\/wp\/v2\/users\/1"}],"replies":[{"embeddable":true,"href":"https:\/\/www.encontramogimirim.com.br\/noticias\/wp-json\/wp\/v2\/comments?post=396"}],"version-history":[{"count":4,"href":"https:\/\/www.encontramogimirim.com.br\/noticias\/wp-json\/wp\/v2\/posts\/396\/revisions"}],"predecessor-version":[{"id":1408,"href":"https:\/\/www.encontramogimirim.com.br\/noticias\/wp-json\/wp\/v2\/posts\/396\/revisions\/1408"}],"wp:attachment":[{"href":"https:\/\/www.encontramogimirim.com.br\/noticias\/wp-json\/wp\/v2\/media?parent=396"}],"wp:term":[{"taxonomy":"category","embeddable":true,"href":"https:\/\/www.encontramogimirim.com.br\/noticias\/wp-json\/wp\/v2\/categories?post=396"},{"taxonomy":"post_tag","embeddable":true,"href":"https:\/\/www.encontramogimirim.com.br\/noticias\/wp-json\/wp\/v2\/tags?post=396"}],"curies":[{"name":"wp","href":"https:\/\/api.w.org\/{rel}","templated":true}]}}