{"id":399,"date":"2012-02-16T14:59:06","date_gmt":"2012-02-16T16:59:06","guid":{"rendered":"http:\/\/www.encontramogimirim.com.br\/noticias\/?p=399"},"modified":"2013-08-15T12:29:30","modified_gmt":"2013-08-15T14:29:30","slug":"servicos-publicos-confira-o-que-funciona-em-mogi-mirim-durante-o-carnaval","status":"publish","type":"post","link":"https:\/\/www.encontramogimirim.com.br\/noticias\/servicos-publicos-confira-o-que-funciona-em-mogi-mirim-durante-o-carnaval\/","title":{"rendered":"Servi\u00e7os p\u00fablicos: confira o que funciona em Mogi Mirim durante o Carnaval"},"content":{"rendered":"<p>Veja abaixo a escala dos servi\u00e7os p\u00fablicos preparada pela <a href=\"http:\/\/www.encontramogimirim.com.br\/mogi-mirim\/prefeitura-mogi-mirim.shtml\" target=\"_blank\">Prefeitura de Mogi Mirim<\/a> para o per\u00edodo do Carnaval. Setores como os de seguran\u00e7a e sa\u00fade estar\u00e3o de plant\u00e3o durante os dias de folia.<\/p>\n<p lang=\"pt-BR\"><strong>Dia 18\/02 \u2013 s\u00e1bado<\/strong><\/p>\n<p>SAAE \u2013 esquema de plant\u00e3o<\/p>\n<p>Guarda Municipal \/ Brigada de Inc\u00eandio \u2013 esquema de plant\u00e3o<\/p>\n<p>UANA (Unidade de Atendimento N\u00e3o Agendado) \u2013 funcionamento 24 horas<\/p>\n<p>Coleta de lixo \u2013 normal<\/p>\n<p>Feira Livre &#8211; Av. Dr. Jorge Tibiri\u00e7\u00e1 (Centro) \u2013 normal<\/p>\n<p>Banheiro P\u00fablico \u2013 normal (8h00 \u00e0s 13h00)<\/p>\n<p>Conselho Tutelar \u2013 esquema de plant\u00e3o<\/p>\n<p lang=\"pt-BR\"><strong>Dia 19\/02 \u2013 domingo<\/strong><\/p>\n<p>SAAE \u2013 esquema de plant\u00e3o<\/p>\n<p>Guarda Municipal \/ Brigada de Inc\u00eandio \u2013 esquema de plant\u00e3o<\/p>\n<p>UANA (Unidade de Atendimento N\u00e3o Agendado) \u2013 funcionamento 24 horas<\/p>\n<p>Coleta de lixo \u2013 n\u00e3o haver\u00e1, somente varri\u00e7\u00e3o das ruas centrais<\/p>\n<p>Feiras do Produtor &#8211; Rua Coronel Guedes (Centro), Rua Cuba (Vila Dias) e Rua Jos\u00e9 Mathias (Tucura) \u2013 normais<\/p>\n<p>Banheiro P\u00fablico \u2013 fechado<\/p>\n<p>Conselho Tutelar \u2013 esquema de plant\u00e3o<\/p>\n<p lang=\"pt-BR\"><strong>Dia 20\/02 \u2013 segunda-feira<\/strong><\/p>\n<p>Prefeitura Municipal \u2013 fechada (ponto facultativo)<\/p>\n<p>C\u00e2mara Municipal \u2013 fechada (ponto facultativo)<\/p>\n<p>SAAE \u2013 esquema de plant\u00e3o<\/p>\n<p>Guarda Municipal \/ Brigada de Inc\u00eandio \u2013 esquema de plant\u00e3o<\/p>\n<p>UANA (Unidade de Atendimento N\u00e3o Agendado) \u2013 funcionamento 24 horas<\/p>\n<p>Coleta de lixo \u2013 normal<\/p>\n<p>Feira Livre \u2013 n\u00e3o tem<\/p>\n<p>Banheiro P\u00fablico \u2013 normal (8h00 \u00e0s 18h00)<\/p>\n<p>Conselho Tutelar \u2013 esquema de plant\u00e3o<\/p>\n<p lang=\"pt-BR\"><strong>Dia 21\/02 \u2013 ter\u00e7a-feira (FERIADO)<\/strong><\/p>\n<p>Prefeitura Municipal \u2013 fechada (ponto facultativo)<\/p>\n<p>C\u00e2mara Municipal \u2013 fechada (ponto facultativo)<\/p>\n<p>SAAE \u2013 esquema de plant\u00e3o<\/p>\n<p>Guarda Municipal \/ Brigada de Inc\u00eandio \u2013 esquema de plant\u00e3o<\/p>\n<p>UANA (Unidade de Atendimento N\u00e3o Agendado) \u2013 funcionamento 24 horas<\/p>\n<p>Coleta de lixo \u2013 normal<\/p>\n<p>Feira do Produtor \u2013 Jardim Get\u00falio Vargas (CECAP) &#8211; normal<\/p>\n<p>Banheiro P\u00fablico \u2013 fechado<\/p>\n<p>Conselho Tutelar \u2013 esquema de plant\u00e3o<\/p>\n<p lang=\"pt-BR\"><strong>Dia 22\/02 \u2013 quarta-feira (CINZAS)<\/strong><\/p>\n<p>Prefeitura Municipal \u2013 ponto facultativo at\u00e9 as 12h00<\/p>\n<p>C\u00e2mara Municipal \u2013 ponto facultativo at\u00e9 as 12h00<\/p>\n<p>SAAE \u2013 esquema de plant\u00e3o \u2013 ponto facultativo at\u00e9 as 12h00<\/p>\n<p>Guarda Municipal \/ Brigada de Inc\u00eandio \u2013 esquema de plant\u00e3o<\/p>\n<p>UANA (Unidade de Atendimento N\u00e3o Agendado) \u2013 funcionamento 24 horas<\/p>\n<p>Coleta de lixo \u2013 normal<\/p>\n<p>Feira do Produtor \u2013 Pra\u00e7a Chico Mendes (Jd. do Lago) \u2013 normal<\/p>\n<p>Banheiro P\u00fablico \u2013 funcionamento das 12h00 \u00e0s 18h00<\/p>\n<p>Conselho Tutelar \u2013 esquema de plant\u00e3o<\/p>\n<p><em>Fonte: Prefeitura de Mogi Morim<\/em><\/p>\n","protected":false},"excerpt":{"rendered":"<p>Veja abaixo a escala dos servi\u00e7os p\u00fablicos preparada pela Prefeitura de Mogi Mirim para o per\u00edodo do Carnaval. Setores como os de seguran\u00e7a e sa\u00fade estar\u00e3o de plant\u00e3o durante os dias de folia. Dia 18\/02 \u2013 s\u00e1bado SAAE \u2013 esquema de plant\u00e3o Guarda Municipal \/ Brigada de Inc\u00eandio \u2013 esquema de plant\u00e3o UANA (Unidade de [&hellip;]<\/p>\n","protected":false},"author":1,"featured_media":0,"comment_status":"open","ping_status":"open","sticky":false,"template":"","format":"standard","meta":{"footnotes":""},"categories":[6],"tags":[14],"class_list":["post-399","post","type-post","status-publish","format-standard","hentry","category-noticias","tag-mogi-mirim"],"_links":{"self":[{"href":"https:\/\/www.encontramogimirim.com.br\/noticias\/wp-json\/wp\/v2\/posts\/399","targetHints":{"allow":["GET"]}}],"collection":[{"href":"https:\/\/www.encontramogimirim.com.br\/noticias\/wp-json\/wp\/v2\/posts"}],"about":[{"href":"https:\/\/www.encontramogimirim.com.br\/noticias\/wp-json\/wp\/v2\/types\/post"}],"author":[{"embeddable":true,"href":"https:\/\/www.encontramogimirim.com.br\/noticias\/wp-json\/wp\/v2\/users\/1"}],"replies":[{"embeddable":true,"href":"https:\/\/www.encontramogimirim.com.br\/noticias\/wp-json\/wp\/v2\/comments?post=399"}],"version-history":[{"count":3,"href":"https:\/\/www.encontramogimirim.com.br\/noticias\/wp-json\/wp\/v2\/posts\/399\/revisions"}],"predecessor-version":[{"id":401,"href":"https:\/\/www.encontramogimirim.com.br\/noticias\/wp-json\/wp\/v2\/posts\/399\/revisions\/401"}],"wp:attachment":[{"href":"https:\/\/www.encontramogimirim.com.br\/noticias\/wp-json\/wp\/v2\/media?parent=399"}],"wp:term":[{"taxonomy":"category","embeddable":true,"href":"https:\/\/www.encontramogimirim.com.br\/noticias\/wp-json\/wp\/v2\/categories?post=399"},{"taxonomy":"post_tag","embeddable":true,"href":"https:\/\/www.encontramogimirim.com.br\/noticias\/wp-json\/wp\/v2\/tags?post=399"}],"curies":[{"name":"wp","href":"https:\/\/api.w.org\/{rel}","templated":true}]}}