{"id":403,"date":"2012-02-16T15:05:17","date_gmt":"2012-02-16T17:05:17","guid":{"rendered":"http:\/\/www.encontramogimirim.com.br\/noticias\/?p=403"},"modified":"2013-08-15T12:29:25","modified_gmt":"2013-08-15T14:29:25","slug":"vice-flavia-rossi-anuncia-pre-candidatura-a-prefeita-de-mogi-mirim","status":"publish","type":"post","link":"https:\/\/www.encontramogimirim.com.br\/noticias\/vice-flavia-rossi-anuncia-pre-candidatura-a-prefeita-de-mogi-mirim\/","title":{"rendered":"Vice Fl\u00e1via Rossi anuncia  pr\u00e9-candidatura a prefeita de Mogi Mirim"},"content":{"rendered":"<p>A corrida para sucess\u00e3o da cadeira hoje ocupada pelo prefeito Carlos Nelson Bueno (PSDB) ganhou ares oficiais nesta semana. Ap\u00f3s o ex-prefeito Ricardo Brand\u00e3o anunciar ao seu novo partido, o PSDB, que \u00e9 pr\u00e9-candidato ao executivo, a vice-prefeita Fl\u00e1via Rossi comunicou a imprensa em coletiva que tamb\u00e9m est\u00e1 no p\u00e1reo. Entendendo ser um nome natural, por ser a vice de Carlos Nelson, Fl\u00e1via se colocou a disposi\u00e7\u00e3o da legenda para participar do pleito e se necess\u00e1rio, tamb\u00e9m de uma eventual conven\u00e7\u00e3o interna antes do partido escolher o sucessor do prefeito. \u201cEu me sinto muito a vontade para me lan\u00e7ar como pr\u00e9-candidata por ser a vice-prefeita\u201d, pontuou Fl\u00e1via, agradecendo o apoio de diversos nomes do partido e afirmando v\u00e1rias vezes estar a disposi\u00e7\u00e3o.<\/p>\n<p>Atual vice-prefeita, Fl\u00e1via nunca foi candidata nem a prefeita, nem a vereadora, por\u00e9m, desde 2005 est\u00e1 na administra\u00e7\u00e3o, tendo passado grande parte deste per\u00edodo como diretora do Departamento de Educa\u00e7\u00e3o durante toda a primeira gest\u00e3o de Carlos Nelson e em boa parte da segunda. Frisando ter o conhecimento da m\u00e1quina p\u00fablica e muita vontade em continuar o trabalho de Carlos Nelson, Fl\u00e1via afirmou j\u00e1 ter um carro-chefe para sua campanha. \u201cPrecisamos construir o Hospital Municipal e esta \u00e9 minha principal meta. Participei das \u00faltimas conversas com a <a href=\"http:\/\/www.encontramogimirim.com.br\/mogi-mirim\/santa-casa-mogi-mirim.shtml\" target=\"_blank\">Santa Casa<\/a> no ano passado e ela est\u00e1 fazendo um bom trabalho, mas a cidade precisa de um hospital pr\u00f3prio\u201d, exclamou Fl\u00e1via, citando tamb\u00e9m a transforma\u00e7\u00e3o do aeroporto em refer\u00eancia regional como outro objetivo.<\/p>\n<p>PERDA<br \/>\nEm meio ao lan\u00e7amento da pr\u00e9-candidatura Fl\u00e1via Rossi convive com uma a\u00e7\u00e3o no Tribunal Regional Eleitoral (TRE) podendo perder o cargo de vice-prefeita pela troca de partido efetuada em 2011. Na ocasi\u00e3o, a vice-prefeita deixou o PPS e migrou para o PSDB e a Procuradoria Regional Eleitoral entrou com uma a\u00e7\u00e3o pedindo a sa\u00edda de Flavia do cargo por infidelidade partid\u00e1ria. \u201cN\u00e3o posso dizer se temo ou n\u00e3o a decis\u00e3o, pois \u00e9 uma quest\u00e3o da justi\u00e7a. Mas fiz minha defesa, troquei de partido dentro dos prazos e aguardo a decis\u00e3o. DEe qualquer maneira, n\u00e3o creio que, se infelizmente a decis\u00e3o for pela minha sa\u00edda, isso atrapalhe meu caminho como poss\u00edvel candidata a prefeita\u201d, enfatizou Flavia.<\/p>\n<p>OUTROS NOMES<br \/>\nAl\u00e9m de Fl\u00e1via Rossi, o PSDB garantiu que Ricardo Brand\u00e3o, ex-prefeito de Mogi Mirim entre 1978 a 1982 tamb\u00e9m est\u00e1 oficializado. Outro nome que pode aparecer \u00e9 o de Maria Helena Scudeler de Barros, l\u00edder do governo na C\u00e2mara Municipal, mas que ainda n\u00e3o oficializou seu nome junto ao partido. \u201cTemos estes tr\u00eas nomes e todos tem potencial. Caso cheguemos perto do final do prazo (junho) para lan\u00e7ar o candidato a prefeito e n\u00e3o houver defini\u00e7\u00e3o, poderemos realizar a conven\u00e7\u00e3o\u201d, afirmou Milton Vital, presidente do PSDB na cidade de Mogi Mirim, ressaltando tamb\u00e9m que o partido est\u00e1 aberto para negocia\u00e7\u00e3o. \u201cApreciamos os partidos da base e estamos propensos a conversas, por\u00e9m, com o lan\u00e7amento das pr\u00e9-candidaturas j\u00e1 mostramos nosso posicionamento\u201d, concluiu, se referindo ao interesse pleno do partido em ter um nome como cabe\u00e7a da chapa situacionista.<\/p>\n<p><em>Fonte: A Comarca<\/em><\/p>\n","protected":false},"excerpt":{"rendered":"<p>A corrida para sucess\u00e3o da cadeira hoje ocupada pelo prefeito Carlos Nelson Bueno (PSDB) ganhou ares oficiais nesta semana. Ap\u00f3s o ex-prefeito Ricardo Brand\u00e3o anunciar ao seu novo partido, o PSDB, que \u00e9 pr\u00e9-candidato ao executivo, a vice-prefeita Fl\u00e1via Rossi comunicou a imprensa em coletiva que tamb\u00e9m est\u00e1 no p\u00e1reo. Entendendo ser um nome natural, [&hellip;]<\/p>\n","protected":false},"author":1,"featured_media":0,"comment_status":"open","ping_status":"open","sticky":false,"template":"","format":"standard","meta":{"footnotes":""},"categories":[6],"tags":[14],"class_list":["post-403","post","type-post","status-publish","format-standard","hentry","category-noticias","tag-mogi-mirim"],"_links":{"self":[{"href":"https:\/\/www.encontramogimirim.com.br\/noticias\/wp-json\/wp\/v2\/posts\/403","targetHints":{"allow":["GET"]}}],"collection":[{"href":"https:\/\/www.encontramogimirim.com.br\/noticias\/wp-json\/wp\/v2\/posts"}],"about":[{"href":"https:\/\/www.encontramogimirim.com.br\/noticias\/wp-json\/wp\/v2\/types\/post"}],"author":[{"embeddable":true,"href":"https:\/\/www.encontramogimirim.com.br\/noticias\/wp-json\/wp\/v2\/users\/1"}],"replies":[{"embeddable":true,"href":"https:\/\/www.encontramogimirim.com.br\/noticias\/wp-json\/wp\/v2\/comments?post=403"}],"version-history":[{"count":3,"href":"https:\/\/www.encontramogimirim.com.br\/noticias\/wp-json\/wp\/v2\/posts\/403\/revisions"}],"predecessor-version":[{"id":1297,"href":"https:\/\/www.encontramogimirim.com.br\/noticias\/wp-json\/wp\/v2\/posts\/403\/revisions\/1297"}],"wp:attachment":[{"href":"https:\/\/www.encontramogimirim.com.br\/noticias\/wp-json\/wp\/v2\/media?parent=403"}],"wp:term":[{"taxonomy":"category","embeddable":true,"href":"https:\/\/www.encontramogimirim.com.br\/noticias\/wp-json\/wp\/v2\/categories?post=403"},{"taxonomy":"post_tag","embeddable":true,"href":"https:\/\/www.encontramogimirim.com.br\/noticias\/wp-json\/wp\/v2\/tags?post=403"}],"curies":[{"name":"wp","href":"https:\/\/api.w.org\/{rel}","templated":true}]}}