{"id":408,"date":"2012-02-23T16:11:59","date_gmt":"2012-02-23T18:11:59","guid":{"rendered":"http:\/\/www.encontramogimirim.com.br\/noticias\/?p=408"},"modified":"2013-08-15T12:29:21","modified_gmt":"2013-08-15T14:29:21","slug":"licitacao-da-zona-azul-de-mogi-mirim-fica-para-marco","status":"publish","type":"post","link":"https:\/\/www.encontramogimirim.com.br\/noticias\/licitacao-da-zona-azul-de-mogi-mirim-fica-para-marco\/","title":{"rendered":"Licita\u00e7\u00e3o da Zona Azul de Mogi Mirim fica para mar\u00e7o"},"content":{"rendered":"<p>O processo para implanta\u00e7\u00e3o do sistema de estacionamento rotativo na regi\u00e3o central da cidade de Mogi Mirim continua sem solu\u00e7\u00e3o. De acordo com o Departamento de Recursos Materiais (DRM) da prefeitura, o in\u00edcio de mar\u00e7o deve trazer novidades sobre o tema. Dentro dos prazos que devem ser cumpridos, a abertura das propostas est\u00e1 prevista para ocorrer no in\u00edcio do pr\u00f3ximo m\u00eas. Seguindo outras previs\u00f5es, caso o processo transcorra de forma normal, \u00e9 prov\u00e1vel que entre abril e maio, a cidade receba a chamada Zona Azul.<\/p>\n<p>A novidade para a atual licita\u00e7\u00e3o \u00e9 a libera\u00e7\u00e3o da empresa Tecnopark para participar da concorr\u00eancia. A habilita\u00e7\u00e3o foi publicada na quarta-feira, 15, no Di\u00e1rio Oficial do Estado. Com problemas contabilizados em pouco mais de 20 meses ap\u00f3s a Flexpark deixar a cidade por quest\u00f5es contratuais, o \u00faltimo cap\u00edtulo envolvendo a Zona Azul havia ocorrido h\u00e1 duas semanas, quando a Rizzo Com\u00e9rcio e Servi\u00e7o Mobili\u00e1rio Urbano se inscreveu para participar do novo processo licitat\u00f3rio realizado pela administra\u00e7\u00e3o municipal, mas como a empresa est\u00e1 suspensa de participar do pleito para definir a nova operadora do servi\u00e7o de estacionamento rotativo, o Departamento Jur\u00eddico preferiu suspender os trabalhos, que retornam em mar\u00e7o.<\/p>\n<p>A Rizzo, que chegou a vencer a concorr\u00eancia aberta em 2010, teve o contrato rescindido com a prefeitura por falta de cumprimento dos prazos para implanta\u00e7\u00e3o da Zona Azul e uma briga entre empresa e prefeitura foi iniciada.<\/p>\n<p>PLACAS<br \/>\nCom rela\u00e7\u00e3o \u00e0s placas localizadas na regi\u00e3o central, que indicam a presen\u00e7a do sistema rotativo mesmo inoperante, a afirmativa do DRM \u00e9 de que a quest\u00e3o est\u00e1 sob per\u00edcia judicial. \u201cEnquanto o perito n\u00e3o concluir o relat\u00f3rio, n\u00e3o h\u00e1 a possibilidade de informamos qual o destino delas. A previs\u00e3o \u00e9 que dentro de dois meses ocorra a conclus\u00e3o da per\u00edcia\u201d, informou o departamento, por meio de nota emitida pela Assessoria de Comunica\u00e7\u00e3o. As placas foram confeccionadas pelo Rizzo quando gerenciava a Zona Azul na cidade. Mesmo ap\u00f3s a sa\u00edda, placas, parqu\u00edmetros e sinaliza\u00e7\u00e3o horizontal foram mantidos, causando confus\u00e3o principalmente para consumidores oriundos de outras cidades e que desconhecem o problema relacionado ao estacionamento rotativo em Mogi Mirim.<\/p>\n<p><em>Fonte: A Comarca<\/em><\/p>\n","protected":false},"excerpt":{"rendered":"<p>O processo para implanta\u00e7\u00e3o do sistema de estacionamento rotativo na regi\u00e3o central da cidade de Mogi Mirim continua sem solu\u00e7\u00e3o. De acordo com o Departamento de Recursos Materiais (DRM) da prefeitura, o in\u00edcio de mar\u00e7o deve trazer novidades sobre o tema. Dentro dos prazos que devem ser cumpridos, a abertura das propostas est\u00e1 prevista para [&hellip;]<\/p>\n","protected":false},"author":1,"featured_media":0,"comment_status":"open","ping_status":"open","sticky":false,"template":"","format":"standard","meta":{"footnotes":""},"categories":[6],"tags":[14],"class_list":["post-408","post","type-post","status-publish","format-standard","hentry","category-noticias","tag-mogi-mirim"],"_links":{"self":[{"href":"https:\/\/www.encontramogimirim.com.br\/noticias\/wp-json\/wp\/v2\/posts\/408","targetHints":{"allow":["GET"]}}],"collection":[{"href":"https:\/\/www.encontramogimirim.com.br\/noticias\/wp-json\/wp\/v2\/posts"}],"about":[{"href":"https:\/\/www.encontramogimirim.com.br\/noticias\/wp-json\/wp\/v2\/types\/post"}],"author":[{"embeddable":true,"href":"https:\/\/www.encontramogimirim.com.br\/noticias\/wp-json\/wp\/v2\/users\/1"}],"replies":[{"embeddable":true,"href":"https:\/\/www.encontramogimirim.com.br\/noticias\/wp-json\/wp\/v2\/comments?post=408"}],"version-history":[{"count":3,"href":"https:\/\/www.encontramogimirim.com.br\/noticias\/wp-json\/wp\/v2\/posts\/408\/revisions"}],"predecessor-version":[{"id":1248,"href":"https:\/\/www.encontramogimirim.com.br\/noticias\/wp-json\/wp\/v2\/posts\/408\/revisions\/1248"}],"wp:attachment":[{"href":"https:\/\/www.encontramogimirim.com.br\/noticias\/wp-json\/wp\/v2\/media?parent=408"}],"wp:term":[{"taxonomy":"category","embeddable":true,"href":"https:\/\/www.encontramogimirim.com.br\/noticias\/wp-json\/wp\/v2\/categories?post=408"},{"taxonomy":"post_tag","embeddable":true,"href":"https:\/\/www.encontramogimirim.com.br\/noticias\/wp-json\/wp\/v2\/tags?post=408"}],"curies":[{"name":"wp","href":"https:\/\/api.w.org\/{rel}","templated":true}]}}