{"id":412,"date":"2012-02-28T15:50:15","date_gmt":"2012-02-28T17:50:15","guid":{"rendered":"http:\/\/www.encontramogimirim.com.br\/noticias\/?p=412"},"modified":"2013-08-15T12:29:31","modified_gmt":"2013-08-15T14:29:31","slug":"primeira-parcela-do-iptu-de-mogi-mirim-vence-nesta-quarta-feira","status":"publish","type":"post","link":"https:\/\/www.encontramogimirim.com.br\/noticias\/primeira-parcela-do-iptu-de-mogi-mirim-vence-nesta-quarta-feira\/","title":{"rendered":"Primeira parcela do IPTU de Mogi Mirim vence nesta quarta-feira"},"content":{"rendered":"<p>O atraso na entrega dos carn\u00eas do IPTU (Imposto Predial Territorial Urbano) alterou os prazos pr\u00e9-estabelecidos pela prefeitura e um vencimento importante se encerra nesta quarta-feira, 29. Trata-se da primeira parcela do imposto, que deveria ter sido pago at\u00e9 o dia 31 de janeiro. Com o atraso, a administra\u00e7\u00e3o liberou o pagamento da parcela para o dia 29. A \u00fanica implic\u00e2ncia \u00e9 a de que o pagamento desta parcela ap\u00f3s a \u00faltima ter\u00e7a-feira, dia 31 de janeiro (data em que venceu a primeira parcela) s\u00f3 poder\u00e1 ser feita na Caixa Econ\u00f4mica Federal (CEF) e nas casas lot\u00e9ricas. A altera\u00e7\u00e3o aconteceu por meio de um decreto municipal, que postergaram em um m\u00eas a data de vencimento.<\/p>\n<p>O dia 29 de fevereiro funcionar\u00e1 como prazo para quem desejar parcelar o IPTU 2012. Os que desejam efetuar o pagamento em cota \u00fanica ter\u00e3o at\u00e9 o dia 31 de mar\u00e7o para faz\u00ea-lo, contando com um desconto de 10% do valor total, calculado pela prefeitura. Se o contribuinte optar pelo pagamento em cota \u00fanica e estourar o prazo, ele perder\u00e1 o direito ao desconto e sofrer\u00e1 com a aplica\u00e7\u00e3o de multa e juros com rela\u00e7\u00e3o \u00e0s parcelas referentes aos meses anteriores. Assim, se o mun\u00edcipe efetuar o pagamento da primeira parcela ele estar\u00e1 automaticamente perdendo o direito de pagar a cota \u00fanica com desconto.<\/p>\n<p>ATRASO<br \/>\nDe acordo com a administra\u00e7\u00e3o, a demora ocorreu devido a problema da empresa que foi contratada para a confec\u00e7\u00e3o dos carn\u00eas e assim os mogimirianos receber\u00e3o o documento ap\u00f3s a data prevista inicialmente pela <a href=\"http:\/\/www.encontramogimirim.com.br\/mogi-mirim\/prefeitura-mogi-mirim.shtml\" target=\"_blank\">Prefeitura de Mogi Mirim<\/a>.<\/p>\n<p><em>Fonte: A Comarca<\/em><\/p>\n","protected":false},"excerpt":{"rendered":"<p>O atraso na entrega dos carn\u00eas do IPTU (Imposto Predial Territorial Urbano) alterou os prazos pr\u00e9-estabelecidos pela prefeitura e um vencimento importante se encerra nesta quarta-feira, 29. Trata-se da primeira parcela do imposto, que deveria ter sido pago at\u00e9 o dia 31 de janeiro. Com o atraso, a administra\u00e7\u00e3o liberou o pagamento da parcela para [&hellip;]<\/p>\n","protected":false},"author":1,"featured_media":0,"comment_status":"open","ping_status":"open","sticky":false,"template":"","format":"standard","meta":{"footnotes":""},"categories":[6],"tags":[14],"class_list":["post-412","post","type-post","status-publish","format-standard","hentry","category-noticias","tag-mogi-mirim"],"_links":{"self":[{"href":"https:\/\/www.encontramogimirim.com.br\/noticias\/wp-json\/wp\/v2\/posts\/412","targetHints":{"allow":["GET"]}}],"collection":[{"href":"https:\/\/www.encontramogimirim.com.br\/noticias\/wp-json\/wp\/v2\/posts"}],"about":[{"href":"https:\/\/www.encontramogimirim.com.br\/noticias\/wp-json\/wp\/v2\/types\/post"}],"author":[{"embeddable":true,"href":"https:\/\/www.encontramogimirim.com.br\/noticias\/wp-json\/wp\/v2\/users\/1"}],"replies":[{"embeddable":true,"href":"https:\/\/www.encontramogimirim.com.br\/noticias\/wp-json\/wp\/v2\/comments?post=412"}],"version-history":[{"count":2,"href":"https:\/\/www.encontramogimirim.com.br\/noticias\/wp-json\/wp\/v2\/posts\/412\/revisions"}],"predecessor-version":[{"id":1365,"href":"https:\/\/www.encontramogimirim.com.br\/noticias\/wp-json\/wp\/v2\/posts\/412\/revisions\/1365"}],"wp:attachment":[{"href":"https:\/\/www.encontramogimirim.com.br\/noticias\/wp-json\/wp\/v2\/media?parent=412"}],"wp:term":[{"taxonomy":"category","embeddable":true,"href":"https:\/\/www.encontramogimirim.com.br\/noticias\/wp-json\/wp\/v2\/categories?post=412"},{"taxonomy":"post_tag","embeddable":true,"href":"https:\/\/www.encontramogimirim.com.br\/noticias\/wp-json\/wp\/v2\/tags?post=412"}],"curies":[{"name":"wp","href":"https:\/\/api.w.org\/{rel}","templated":true}]}}