{"id":414,"date":"2012-02-28T15:57:12","date_gmt":"2012-02-28T17:57:12","guid":{"rendered":"http:\/\/www.encontramogimirim.com.br\/noticias\/?p=414"},"modified":"2013-08-15T12:29:33","modified_gmt":"2013-08-15T14:29:33","slug":"igreja-em-mogi-mirim-deve-ser-reativada-em-marco","status":"publish","type":"post","link":"https:\/\/www.encontramogimirim.com.br\/noticias\/igreja-em-mogi-mirim-deve-ser-reativada-em-marco\/","title":{"rendered":"Igreja em Mogi Mirim deve ser reativada em mar\u00e7o"},"content":{"rendered":"<p>H\u00e1 duas semanas o aparecimento de rachaduras no pr\u00e9dio da \u00a0igreja de Nossa Senhora do Carmo e no Educand\u00e1rio que leva o mesmo nome, deixou membros da comunidade assustados e temerosos pelo futuro da edifica\u00e7\u00e3o, que fica localizada no Jardim Velho.<\/p>\n<p>Com o risco at\u00e9 mesmo da queda do pr\u00e9dio, que \u00e9 tombado pelo Patrim\u00f4nio Hist\u00f3rico, a <a href=\"http:\/\/www.encontramogimirim.com.br\/mogi-mirim\/prefeitura-mogi-mirim.shtml\" target=\"_blank\">prefeitura de Mogi Mirim<\/a> interditou a obra do Residencial Jardim, edif\u00edcio que \u00e9 levantado ao lado da igreja e que originou o problema. Um buraco feito para as obras do empreendimento n\u00e3o suportou o volume de \u00e1guas e sem escoamento, o muro da igreja que faz divisa com a \u00e1rea da constru\u00e7\u00e3o caiu.<\/p>\n<p>Pouco mais de dez dias depois do incidente, a construtora Azevedo Marques Engenharia, respons\u00e1vel pela obra no local, se pronunciou sobre o problema. \u201cEstamos trabalhando desde o dia em que ocorreu o acidente para sanar de vez este transtorno. Naquele dia o volume de \u00e1gua foi absurdo e como a tubula\u00e7\u00e3o da igreja \u00e9 fininha, tem cerca de 7 cm, ficou vulner\u00e1vel e acabou rompendo o piso. Depois, como a parede \u00e9 antiga, feita de barro e argila, n\u00e3o resistiu e houve as rachaduras\u201d, explicou Jos\u00e9 Floriano de Azevedo Marques, engenheiro civil respons\u00e1vel pelos trabalhos no empreendimento.<\/p>\n<p>Ainda segundo Floriano, um trabalho de conten\u00e7\u00e3o passou a ser feito para que novas chuvas, do porte do dia 11 de fevereiro, n\u00e3o piorassem a situa\u00e7\u00e3o. \u201cFoi tudo acordado com a prefeitura e colocamos nossos homens para sanar este problema. Um plano foi colocado em pr\u00e1tica e nossa expectativa \u00e9 a de que ap\u00f3s o dia 5 de mar\u00e7o a igreja esteja liberada para as atividades normais\u201d, enfatizou.<\/p>\n<p>Todo o custo da reforma, que implica em uma nova estrutura para o pr\u00e9dio da igreja do Carmo \u00e9 bancado pela empresa. \u201cNem esperamos para saber se a culpa foi nossa ou de outra coisa, mas a reforma precisava ser feita e estamos concluindo. Ainda n\u00e3o temos n\u00fameros dos valores que precisaram ser destinados a este fim, mas creio que na pr\u00f3xima semana j\u00e1 saberemos\u201d, contou. Floriano adiantou que o sistema que \u00e9 aplicado na igreja do Carmo impedir\u00e1 novas ocorr\u00eancias do tipo. \u201cIsto nunca mais vai acontecer\u201d, finalizou.<\/p>\n<p><em>Fonte: A Comarca<\/em><\/p>\n","protected":false},"excerpt":{"rendered":"<p>H\u00e1 duas semanas o aparecimento de rachaduras no pr\u00e9dio da \u00a0igreja de Nossa Senhora do Carmo e no Educand\u00e1rio que leva o mesmo nome, deixou membros da comunidade assustados e temerosos pelo futuro da edifica\u00e7\u00e3o, que fica localizada no Jardim Velho. Com o risco at\u00e9 mesmo da queda do pr\u00e9dio, que \u00e9 tombado pelo Patrim\u00f4nio [&hellip;]<\/p>\n","protected":false},"author":1,"featured_media":0,"comment_status":"open","ping_status":"open","sticky":false,"template":"","format":"standard","meta":{"footnotes":""},"categories":[6],"tags":[14],"class_list":["post-414","post","type-post","status-publish","format-standard","hentry","category-noticias","tag-mogi-mirim"],"_links":{"self":[{"href":"https:\/\/www.encontramogimirim.com.br\/noticias\/wp-json\/wp\/v2\/posts\/414","targetHints":{"allow":["GET"]}}],"collection":[{"href":"https:\/\/www.encontramogimirim.com.br\/noticias\/wp-json\/wp\/v2\/posts"}],"about":[{"href":"https:\/\/www.encontramogimirim.com.br\/noticias\/wp-json\/wp\/v2\/types\/post"}],"author":[{"embeddable":true,"href":"https:\/\/www.encontramogimirim.com.br\/noticias\/wp-json\/wp\/v2\/users\/1"}],"replies":[{"embeddable":true,"href":"https:\/\/www.encontramogimirim.com.br\/noticias\/wp-json\/wp\/v2\/comments?post=414"}],"version-history":[{"count":2,"href":"https:\/\/www.encontramogimirim.com.br\/noticias\/wp-json\/wp\/v2\/posts\/414\/revisions"}],"predecessor-version":[{"id":1410,"href":"https:\/\/www.encontramogimirim.com.br\/noticias\/wp-json\/wp\/v2\/posts\/414\/revisions\/1410"}],"wp:attachment":[{"href":"https:\/\/www.encontramogimirim.com.br\/noticias\/wp-json\/wp\/v2\/media?parent=414"}],"wp:term":[{"taxonomy":"category","embeddable":true,"href":"https:\/\/www.encontramogimirim.com.br\/noticias\/wp-json\/wp\/v2\/categories?post=414"},{"taxonomy":"post_tag","embeddable":true,"href":"https:\/\/www.encontramogimirim.com.br\/noticias\/wp-json\/wp\/v2\/tags?post=414"}],"curies":[{"name":"wp","href":"https:\/\/api.w.org\/{rel}","templated":true}]}}