{"id":427,"date":"2012-03-08T14:54:14","date_gmt":"2012-03-08T16:54:14","guid":{"rendered":"http:\/\/www.encontramogimirim.com.br\/noticias\/?p=427"},"modified":"2013-08-15T12:29:31","modified_gmt":"2013-08-15T14:29:31","slug":"prefeitura-de-mogi-mirim-notifica-empresa-por-danos-a-acervo-da-biblioteca","status":"publish","type":"post","link":"https:\/\/www.encontramogimirim.com.br\/noticias\/prefeitura-de-mogi-mirim-notifica-empresa-por-danos-a-acervo-da-biblioteca\/","title":{"rendered":"Prefeitura de Mogi Mirim notifica empresa por danos a acervo da biblioteca"},"content":{"rendered":"<p>A reforma da cobertura do telhado da Biblioteca Municipal come\u00e7ou h\u00e1 duas semanas e j\u00e1 causou pol\u00eamica. Com a retirada do telhado para as obras e a chuva que aconteceu no dia 23 de fevereiro, alguns livros foram danificados pela \u00e1gua. Atrav\u00e9s de uma notifica\u00e7\u00e3o, a prefeitura municipal entendeu que a empresa respons\u00e1vel pela reforma, Constru\u00e7\u00f5es Cota Ltda, estaria realizando os servi\u00e7os de forma inadequada, causando, indiretamente, os danos ao acervo.<\/p>\n<p>A notifica\u00e7\u00e3o revoltou Eduardo Luciano Batista, respons\u00e1vel pela empresa. Ele afirma que a remo\u00e7\u00e3o do acervo caberia \u00e0 prefeitura. \u201c\u00c9 humanamente imposs\u00edvel desmontar e remontar um telhado em um dia. Entendo que teriam que dar o pr\u00e9dio em condi\u00e7\u00f5es de trabalharmos\u201d, dispara.<\/p>\n<p>No mesmo documento, a <a href=\"http:\/\/www.encontramogimirim.com.br\/mogi-mirim\/prefeitura-mogi-mirim.shtml\" target=\"_blank\">prefeitura de Mogi Mirim<\/a> tamb\u00e9m alega que a remo\u00e7\u00e3o das telhas ocasionou ac\u00famulo de entulho dentro do im\u00f3vel, resultando em danos ao piso, escada e m\u00f3veis. Batista nega que o piso tenha sido danificado. \u201cComecei a obra faz uma semana, tenho prazo de 90 dias para entregar e j\u00e1 est\u00e3o me notificando por conta de entulho?\u201d, questiona. \u00a0Outro ponto questionado por Batista \u00e9 a presen\u00e7a dos funcion\u00e1rios da biblioteca no local em paralelo \u00e0s obras. \u201cEles nem podiam estar l\u00e1, se acontece algo \u00e9 de nossa responsabilidade\u201d, diz.<\/p>\n<p>Sobre o entulho, a t\u00e9cnica em edifica\u00e7\u00f5es que acompanha a obra em Mogi Mirim, D\u00e9bora Albrecht, afirma que o engenheiro da prefeitura realizou a fiscaliza\u00e7\u00e3o no dia seguinte ao in\u00edcio dos trabalhos. \u201cN\u00e3o est\u00e1vamos encontrando uma empresa de entulho que trouxesse a ca\u00e7amba\u201d, justifica. Segunda ela, os trabalhos foram iniciados no dia 21 de fevereiro, ter\u00e7a-feira de carnaval. A substitui\u00e7\u00e3o da cobertura do telhado aconteceu dias depois, no dia 25.<\/p>\n<p>D\u00e9bora reafirmou que a empresa se isenta de qualquer responsabilidade sobre os danos a livros. \u201cO acervo estava sendo retirado pelos pr\u00f3prios funcion\u00e1rios da biblioteca e isso s\u00f3 aconteceu quando a obra j\u00e1 tinha come\u00e7ado\u201d, diz.<br \/>\nA notifica\u00e7\u00e3o \u00e9 assinada pelo diretor interino do Departamento de Obras e Habita\u00e7\u00e3o, Vitor Coppi, e pelo engenheiro respons\u00e1vel pela fiscaliza\u00e7\u00e3o, Jos\u00e9 Eduardo Pedreira Filho. Procurado por <em>A Comarca<\/em>, Coppi evitou polemizar e explicou que a notifica\u00e7\u00e3o n\u00e3o implica em puni\u00e7\u00e3o neste momento. \u201cEntendemos que o servi\u00e7o estava sendo feito de forma inadequada. Antes da entrega da obra, haver\u00e1 uma vistoria final que vai avaliar a quem caberia a responsabilidade por poss\u00edveis danos ao pr\u00e9dio e ao acervo\u201d, afirma o diretor.<\/p>\n<p>Al\u00e9m da cobertura do telhado e coloca\u00e7\u00e3o de forro e gesso, a reforma inclui troca da instala\u00e7\u00e3o el\u00e9trica e pintura em alguns pontos. A previs\u00e3o \u00e9 que a obra seja conclu\u00edda at\u00e9 maio.<\/p>\n<p><em>Fonte: A Comarca<\/em><\/p>\n","protected":false},"excerpt":{"rendered":"<p>A reforma da cobertura do telhado da Biblioteca Municipal come\u00e7ou h\u00e1 duas semanas e j\u00e1 causou pol\u00eamica. Com a retirada do telhado para as obras e a chuva que aconteceu no dia 23 de fevereiro, alguns livros foram danificados pela \u00e1gua. Atrav\u00e9s de uma notifica\u00e7\u00e3o, a prefeitura municipal entendeu que a empresa respons\u00e1vel pela reforma, [&hellip;]<\/p>\n","protected":false},"author":1,"featured_media":0,"comment_status":"open","ping_status":"open","sticky":false,"template":"","format":"standard","meta":{"footnotes":""},"categories":[6],"tags":[14],"class_list":["post-427","post","type-post","status-publish","format-standard","hentry","category-noticias","tag-mogi-mirim"],"_links":{"self":[{"href":"https:\/\/www.encontramogimirim.com.br\/noticias\/wp-json\/wp\/v2\/posts\/427","targetHints":{"allow":["GET"]}}],"collection":[{"href":"https:\/\/www.encontramogimirim.com.br\/noticias\/wp-json\/wp\/v2\/posts"}],"about":[{"href":"https:\/\/www.encontramogimirim.com.br\/noticias\/wp-json\/wp\/v2\/types\/post"}],"author":[{"embeddable":true,"href":"https:\/\/www.encontramogimirim.com.br\/noticias\/wp-json\/wp\/v2\/users\/1"}],"replies":[{"embeddable":true,"href":"https:\/\/www.encontramogimirim.com.br\/noticias\/wp-json\/wp\/v2\/comments?post=427"}],"version-history":[{"count":3,"href":"https:\/\/www.encontramogimirim.com.br\/noticias\/wp-json\/wp\/v2\/posts\/427\/revisions"}],"predecessor-version":[{"id":429,"href":"https:\/\/www.encontramogimirim.com.br\/noticias\/wp-json\/wp\/v2\/posts\/427\/revisions\/429"}],"wp:attachment":[{"href":"https:\/\/www.encontramogimirim.com.br\/noticias\/wp-json\/wp\/v2\/media?parent=427"}],"wp:term":[{"taxonomy":"category","embeddable":true,"href":"https:\/\/www.encontramogimirim.com.br\/noticias\/wp-json\/wp\/v2\/categories?post=427"},{"taxonomy":"post_tag","embeddable":true,"href":"https:\/\/www.encontramogimirim.com.br\/noticias\/wp-json\/wp\/v2\/tags?post=427"}],"curies":[{"name":"wp","href":"https:\/\/api.w.org\/{rel}","templated":true}]}}