{"id":501,"date":"2012-05-03T15:21:36","date_gmt":"2012-05-03T17:21:36","guid":{"rendered":"http:\/\/www.encontramogimirim.com.br\/noticias\/?p=501"},"modified":"2013-08-15T12:29:20","modified_gmt":"2013-08-15T14:29:20","slug":"veto-a-caixa-de-papelao-em-supermercados-causa-reacao-de-empresarios-de-mogi-mirim","status":"publish","type":"post","link":"https:\/\/www.encontramogimirim.com.br\/noticias\/veto-a-caixa-de-papelao-em-supermercados-causa-reacao-de-empresarios-de-mogi-mirim\/","title":{"rendered":"Veto a caixa de papel\u00e3o em supermercados causa rea\u00e7\u00e3o de empres\u00e1rios de Mogi Mirim"},"content":{"rendered":"<p>A lei de iniciativa da vereadora M\u00e1rcia R\u00f3ttoli (PR), que pro\u00edbe o emprego de caixas de papel\u00e3o usadas para acondicionar compras de consumidores em supermercados causa a rea\u00e7\u00e3o de empres\u00e1rios do setor. Promulgada pelo presidente da C\u00e2mara, Luis Roberto Tavares (PSDB), em virtude do sil\u00eancio do prefeito Carlos Nelson Bueno (PSDB), a lei entru em vigor nesta segunda-feira (30).<\/p>\n<p>A justificativa para o veto \u00e9 de que as embalagens apresentam contamina\u00e7\u00e3o por bact\u00e9rias que podem causar problemas \u00e0 sa\u00fade. M\u00e1rcia se apoiou em laudo nesse sentido elaborado pelo laborat\u00f3rio MicroBiot\u00e9cnica. Na Capital, um vereador apresentou projeto semelhante sob as mesmas justificativas.<\/p>\n<p>Desde o in\u00edcio de abril, supermercados deixaram de oferecer gratuitamente as sacolas pl\u00e1sticas em obedi\u00eancia a acordo entre o Estado e a Apas (Associa\u00e7\u00e3o Paulista de Supermercados). O gerente da loja do Supermercados Lavap\u00e9s, no bairro do Tucura, Jos\u00e9 Carlos Camargo, o Nino, questiona a restri\u00e7\u00e3o \u00e0s caixas de papel\u00e3o, que as empresas adotaram como alternativa.\u00a0\u201cA caixa de papel\u00e3o \u00e9 uma op\u00e7\u00e3o a mais para o cliente levar as mercadorias. Essas caixas n\u00e3o s\u00e3o um problema para n\u00f3s, j\u00e1 que as vendemos e obtemos lucro com isso\u201d, rebate. Nino contrap\u00f5e argumento \u00e0 vers\u00e3o de que os supermercados teriam interesse em oferecer as caixas de papel\u00e3o para se desobrigarem da responsabilidade de dar destina ambiental correta a elas&#8221;.<\/p>\n<p>Camargo prev\u00ea que a nova lei vai gerar uma \u2018saia-justa\u2019 com seus clientes. \u201cN\u00e3o vamos ter o que fazer. Estamos sem op\u00e7\u00f5es\u201d, reclama. Por sua vez, Jos\u00e9 Carlos Guidini, do Supermercado Magui, teme perder clientes em virtude da dificuldade imposta pela lei aprovada pela C\u00e2mara.\u00a0Ele prev\u00ea rela\u00e7\u00e3o desigual com concorrentes que ainda oferecem as sacolas pl\u00e1sticas. Sobre o veto \u00e0s caixas de papel\u00e3o ele insiste. \u201c\u00c9 uma op\u00e7\u00e3o a menos, que pode gerar perda nas vendas. Quando a pessoa v\u00ea que n\u00e3o tem como levar, ela compra menos\u201d, calcula Guidini.<\/p>\n<p>Por essa raz\u00e3o, ele n\u00e3o descarta a possibilidade de voltar a distribuir as sacolas pl\u00e1sticas. \u201cSe come\u00e7ar a \u2018apertar\u2019 demais, vamos voltar atr\u00e1s e oferecer as sacolinhas\u201d, confirma a disposi\u00e7\u00e3o.<\/p>\n<p>O supermercado Dia, que inicialmente iria aderir ao acordo para abolir as sacolas pl\u00e1sticas no in\u00edcio do m\u00eas, voltou atr\u00e1s. A loja mant\u00e9m a distribui\u00e7\u00e3o das sacolas pl\u00e1sticas sob o argumento de que n\u00e3o h\u00e1 lei que pro\u00edba a pr\u00e1tica, mas apenas um acordo entre o governo do Estado e a Apas.<\/p>\n<p>Surpresos com a lei como os empres\u00e1rios, os consumidores dizem que ficar\u00e3o sem muitas op\u00e7\u00f5es para o transporte de suas mercadorias. \u201cVamos ter que comprar. N\u00e3o vai ter outro jeito\u201d, prev\u00ea o aposentado Jos\u00e9 Arlindo. \u00a0A microempres\u00e1ria Noemi Bueno, que faz compras em pequena quantidade, tamb\u00e9m n\u00e3o gostou da novidade. \u201c\u00c9 um absurdo. E quem faz compra grande o que vai fazer?\u201d, questionou. Para a dona de casa Akemi Sakoda, que o jeito agora ser\u00e1 levar as compras no carrinho do supermercado direto para o carro.<\/p>\n<p>PUNI\u00c7\u00d5ES<br \/>\nA lei que pro\u00edbe o emprego das caixas de papel\u00e3o usadas prev\u00ea san\u00e7\u00f5es aos estabelecimentos que n\u00e3o a obedecerem. A primeira ser\u00e1 a advert\u00eancia e, na reincid\u00eancia, multa, suspens\u00e3o das atividades por cinco dias e finalmente o fechamento. \u00a0A aplica\u00e7\u00e3o dessas medidas, entretanto, vai depender da regulamenta\u00e7\u00e3o da lei, que dever\u00e1 ser feita por decreto do prefeito em prazo de 60 dias. A fiscaliza\u00e7\u00e3o \u00e0 obedi\u00eancia das normas dever\u00e1 caber\u00e1 a \u00f3rg\u00e3os da <a href=\"http:\/\/www.encontramogimirim.com.br\/mogi-mirim\/prefeitura-mogi-mirim.shtml\" target=\"_blank\">Prefeitura de Mogi Mirim<\/a>.<\/p>\n<p><em>Fonte: A Comarca<\/em><\/p>\n","protected":false},"excerpt":{"rendered":"<p>A lei de iniciativa da vereadora M\u00e1rcia R\u00f3ttoli (PR), que pro\u00edbe o emprego de caixas de papel\u00e3o usadas para acondicionar compras de consumidores em supermercados causa a rea\u00e7\u00e3o de empres\u00e1rios do setor. Promulgada pelo presidente da C\u00e2mara, Luis Roberto Tavares (PSDB), em virtude do sil\u00eancio do prefeito Carlos Nelson Bueno (PSDB), a lei entru em [&hellip;]<\/p>\n","protected":false},"author":1,"featured_media":0,"comment_status":"open","ping_status":"open","sticky":false,"template":"","format":"standard","meta":{"footnotes":""},"categories":[6],"tags":[14],"class_list":["post-501","post","type-post","status-publish","format-standard","hentry","category-noticias","tag-mogi-mirim"],"_links":{"self":[{"href":"https:\/\/www.encontramogimirim.com.br\/noticias\/wp-json\/wp\/v2\/posts\/501","targetHints":{"allow":["GET"]}}],"collection":[{"href":"https:\/\/www.encontramogimirim.com.br\/noticias\/wp-json\/wp\/v2\/posts"}],"about":[{"href":"https:\/\/www.encontramogimirim.com.br\/noticias\/wp-json\/wp\/v2\/types\/post"}],"author":[{"embeddable":true,"href":"https:\/\/www.encontramogimirim.com.br\/noticias\/wp-json\/wp\/v2\/users\/1"}],"replies":[{"embeddable":true,"href":"https:\/\/www.encontramogimirim.com.br\/noticias\/wp-json\/wp\/v2\/comments?post=501"}],"version-history":[{"count":2,"href":"https:\/\/www.encontramogimirim.com.br\/noticias\/wp-json\/wp\/v2\/posts\/501\/revisions"}],"predecessor-version":[{"id":1219,"href":"https:\/\/www.encontramogimirim.com.br\/noticias\/wp-json\/wp\/v2\/posts\/501\/revisions\/1219"}],"wp:attachment":[{"href":"https:\/\/www.encontramogimirim.com.br\/noticias\/wp-json\/wp\/v2\/media?parent=501"}],"wp:term":[{"taxonomy":"category","embeddable":true,"href":"https:\/\/www.encontramogimirim.com.br\/noticias\/wp-json\/wp\/v2\/categories?post=501"},{"taxonomy":"post_tag","embeddable":true,"href":"https:\/\/www.encontramogimirim.com.br\/noticias\/wp-json\/wp\/v2\/tags?post=501"}],"curies":[{"name":"wp","href":"https:\/\/api.w.org\/{rel}","templated":true}]}}