{"id":579,"date":"2012-06-04T08:00:52","date_gmt":"2012-06-04T10:00:52","guid":{"rendered":"http:\/\/www.encontramogimirim.com.br\/noticias\/?p=579"},"modified":"2013-08-15T12:29:31","modified_gmt":"2013-08-15T14:29:31","slug":"tecnicos-do-mp-vistoriam-igreja-no-dia-6-em-mogi-mirim-2","status":"publish","type":"post","link":"https:\/\/www.encontramogimirim.com.br\/noticias\/tecnicos-do-mp-vistoriam-igreja-no-dia-6-em-mogi-mirim-2\/","title":{"rendered":"T\u00e9cnicos do MP vistoriam igreja no dia 6 em Mogi Mirim"},"content":{"rendered":"<p>O pedido da promotora Cristiane Correa de Souza Hillal para que peritos do Minist\u00e9rio P\u00fablico de S\u00e3o Paulo analisem a estrutura da Igreja do Carmo foi atendido. T\u00e9cnicos do Caex (Centro de Apoio Operacional a Execu\u00e7\u00e3o) estar\u00e3o na cidade no pr\u00f3ximo dia 6.<\/p>\n<p>A informa\u00e7\u00e3o foi confirmada pelo coordenador do \u00f3rg\u00e3o, Nilo Spinola Salgado Filho, e pelo procurador Pedro Franco de Campos, que \u00e9 mogimiriano e atuou junto ao MP para agilizar o processo.<\/p>\n<p>A vistoria tem o objetivo de subsidiar a atua\u00e7\u00e3o do Minist\u00e9rio P\u00fablico local no caso. Um engenheiro e uma arquiteta far\u00e3o a an\u00e1lise do pr\u00e9dio e ir\u00e3o emitir laudo conclusivo a ser entregue \u00e0 promotora.<\/p>\n<p>O Minist\u00e9rio P\u00fablico local solicitou aos representantes da construtora Azevedo Marques e da Par\u00f3quia laudos t\u00e9cnicos sobre os danos causados e regularidade das obras.<\/p>\n<p>A construtora apresentou documento que descarta risco \u00e0 igreja. J\u00e1 a Par\u00f3quia, apresentou laudo que aponta como causa dos danos \u00e0 Igreja a escava\u00e7\u00e3o do terreno pela construtora.<\/p>\n<p>Outro documento esperado \u00e9 o laudo que avalia a umidade do solo no pr\u00e9dio. A COMARCA buscou saber o resultado desse laudo junto ao s\u00f3cio-diretor da construtora, Jos\u00e9 Floriano Marques, mas ele n\u00e3o foi encontrado.<\/p>\n<p><em>Fonte: A Comarca<\/em><\/p>\n","protected":false},"excerpt":{"rendered":"<p>O pedido da promotora Cristiane Correa de Souza Hillal para que peritos do Minist\u00e9rio P\u00fablico de S\u00e3o Paulo analisem a estrutura da Igreja do Carmo foi atendido. T\u00e9cnicos do Caex (Centro de Apoio Operacional a Execu\u00e7\u00e3o) estar\u00e3o na cidade no pr\u00f3ximo dia 6. A informa\u00e7\u00e3o foi confirmada pelo coordenador do \u00f3rg\u00e3o, Nilo Spinola Salgado Filho, [&hellip;]<\/p>\n","protected":false},"author":1,"featured_media":0,"comment_status":"open","ping_status":"open","sticky":false,"template":"","format":"standard","meta":{"footnotes":""},"categories":[6],"tags":[14],"class_list":["post-579","post","type-post","status-publish","format-standard","hentry","category-noticias","tag-mogi-mirim"],"_links":{"self":[{"href":"https:\/\/www.encontramogimirim.com.br\/noticias\/wp-json\/wp\/v2\/posts\/579","targetHints":{"allow":["GET"]}}],"collection":[{"href":"https:\/\/www.encontramogimirim.com.br\/noticias\/wp-json\/wp\/v2\/posts"}],"about":[{"href":"https:\/\/www.encontramogimirim.com.br\/noticias\/wp-json\/wp\/v2\/types\/post"}],"author":[{"embeddable":true,"href":"https:\/\/www.encontramogimirim.com.br\/noticias\/wp-json\/wp\/v2\/users\/1"}],"replies":[{"embeddable":true,"href":"https:\/\/www.encontramogimirim.com.br\/noticias\/wp-json\/wp\/v2\/comments?post=579"}],"version-history":[{"count":3,"href":"https:\/\/www.encontramogimirim.com.br\/noticias\/wp-json\/wp\/v2\/posts\/579\/revisions"}],"predecessor-version":[{"id":581,"href":"https:\/\/www.encontramogimirim.com.br\/noticias\/wp-json\/wp\/v2\/posts\/579\/revisions\/581"}],"wp:attachment":[{"href":"https:\/\/www.encontramogimirim.com.br\/noticias\/wp-json\/wp\/v2\/media?parent=579"}],"wp:term":[{"taxonomy":"category","embeddable":true,"href":"https:\/\/www.encontramogimirim.com.br\/noticias\/wp-json\/wp\/v2\/categories?post=579"},{"taxonomy":"post_tag","embeddable":true,"href":"https:\/\/www.encontramogimirim.com.br\/noticias\/wp-json\/wp\/v2\/tags?post=579"}],"curies":[{"name":"wp","href":"https:\/\/api.w.org\/{rel}","templated":true}]}}