{"id":585,"date":"2012-06-05T07:20:35","date_gmt":"2012-06-05T09:20:35","guid":{"rendered":"http:\/\/www.encontramogimirim.com.br\/noticias\/?p=585"},"modified":"2013-08-15T12:29:25","modified_gmt":"2013-08-15T14:29:25","slug":"mogi-mirim-ganha-unidade-da-rede-lucy-montoro","status":"publish","type":"post","link":"https:\/\/www.encontramogimirim.com.br\/noticias\/mogi-mirim-ganha-unidade-da-rede-lucy-montoro\/","title":{"rendered":"Mogi Mirim ganha unidade da rede Lucy Montoro"},"content":{"rendered":"<p>O Governo do Estado inaugurou nessa sexta, 1, o Servi\u00e7o de Reabilita\u00e7\u00e3o Lucy Montoro de Mogi Mirim, ligado \u00e0s secretarias de Estado dos Direitos da Pessoa com Defici\u00eancia e da Sa\u00fade. Os beneficiados s\u00e3o pacientes encaminhados atrav\u00e9s dos Departamentos Regionais de Sa\u00fade (DRS) de S\u00e3o Jo\u00e3o da Boa Vista e Piracicaba, de Unidades B\u00e1sicas de Sa\u00fade, hospitais e da comunidade.<\/p>\n<p>\u00a0A expectativa \u00e9 que o servi\u00e7o, gratuito, atenda cerca de 2 milh\u00f5es de habitantes de 46 munic\u00edpios. &#8220;As unidades da rede Lucy Montoro t\u00eam uma vis\u00e3o regional. Esta ser\u00e1 uma refer\u00eancia para a regi\u00e3o de S\u00e3o Jo\u00e3o da Boa Vista e Piracicaba e atender\u00e1 desde os casos de alta complexidade, como les\u00e3o medular e amputa\u00e7\u00e3o, at\u00e9 casos mais simples, de mobilidade&#8221;, disse o governador Geraldo Alckmin.<\/p>\n<p>Alckmin lembrou ainda que a gest\u00e3o do Servi\u00e7o de Reabilita\u00e7\u00e3o Lucy Montoro, com cerca de 70 funcion\u00e1rios, ser\u00e1 realizada pelo Instituto de Responsabilidade Social S\u00edrio Liban\u00eas, da capital. &#8220;Trazendo o que h\u00e1 de ponta em termos de tecnologia e de qualifica\u00e7\u00e3o de recursos humanos para atender a popula\u00e7\u00e3o.&#8221;\u00a0<\/p>\n<p>Com investimento de cerca de R$ 4 milh\u00f5es, o Servi\u00e7o de Reabilita\u00e7\u00e3o Lucy Montoro de Mogi Mirim est\u00e1 instalado em dois espa\u00e7os f\u00edsicos: na avenida Professor Adib Chaib, 1001, estar\u00e1 localizada a \u00e1rea assistencial, com cerca de 700 metros quadrados. \u00c9 uma unidade de atendimento ambulatorial, que ir\u00e1 oferecer reabilita\u00e7\u00e3o \u00e0s pessoas com defici\u00eancia ou doen\u00e7as potencialmente incapacitantes. Refer\u00eancia em assist\u00eancia, ensino e pesquisa, o Servi\u00e7o de Reabilita\u00e7\u00e3o Lucy Montoro viabilizar\u00e1 cursos e palestras para cuidadores, pacientes e familiares.<\/p>\n<p>O atendimento ser\u00e1 realizado por uma equipe multidisciplinar, composta por m\u00e9dicos fisiatras, enfermeiros, fisioterapeutas, psic\u00f3logos, terapeutas ocupacionais, fonoaudi\u00f3logos e outros profissionais especializados em reabilita\u00e7\u00e3o. Haver\u00e1 tamb\u00e9m prescri\u00e7\u00e3o e dispensa\u00e7\u00e3o de \u00f3rteses, pr\u00f3teses e meios auxiliares de locomo\u00e7\u00e3o com o apoio de uma equipe t\u00e9cnica itinerante. A previs\u00e3o \u00e9 que, at\u00e9 o final do ano, a unidade receba equipamentos de rob\u00f3tica.<\/p>\n<p>Para incentivar o desenvolvimento de novas habilidades, ser\u00e1 inaugurado em outro endere\u00e7o o centro de tecnologia e inclus\u00e3o, na rua Pedro Simoso, antigo Cesei. O centro conta com cerca de 3 mil metros quadradros de \u00e1rea constru\u00edda, quadra poliesportiva, espa\u00e7os para oficina terap\u00eautica e de gera\u00e7\u00e3o de renda e oferecer\u00e1 cursos profissionalizantes, que ser\u00e3o desenvolvidos de acordo com a demanda da regi\u00e3o. Os usu\u00e1rios dever\u00e3o ter mais de 14 anos e poder\u00e3o ser referenciados pela \u00e1rea assistencial ou da comunidade.<\/p>\n<p><em>Fonte: O Serrano<\/em><\/p>\n","protected":false},"excerpt":{"rendered":"<p>O Governo do Estado inaugurou nessa sexta, 1, o Servi\u00e7o de Reabilita\u00e7\u00e3o Lucy Montoro de Mogi Mirim, ligado \u00e0s secretarias de Estado dos Direitos da Pessoa com Defici\u00eancia e da Sa\u00fade. Os beneficiados s\u00e3o pacientes encaminhados atrav\u00e9s dos Departamentos Regionais de Sa\u00fade (DRS) de S\u00e3o Jo\u00e3o da Boa Vista e Piracicaba, de Unidades B\u00e1sicas de [&hellip;]<\/p>\n","protected":false},"author":1,"featured_media":0,"comment_status":"open","ping_status":"open","sticky":false,"template":"","format":"standard","meta":{"footnotes":""},"categories":[6],"tags":[14],"class_list":["post-585","post","type-post","status-publish","format-standard","hentry","category-noticias","tag-mogi-mirim"],"_links":{"self":[{"href":"https:\/\/www.encontramogimirim.com.br\/noticias\/wp-json\/wp\/v2\/posts\/585","targetHints":{"allow":["GET"]}}],"collection":[{"href":"https:\/\/www.encontramogimirim.com.br\/noticias\/wp-json\/wp\/v2\/posts"}],"about":[{"href":"https:\/\/www.encontramogimirim.com.br\/noticias\/wp-json\/wp\/v2\/types\/post"}],"author":[{"embeddable":true,"href":"https:\/\/www.encontramogimirim.com.br\/noticias\/wp-json\/wp\/v2\/users\/1"}],"replies":[{"embeddable":true,"href":"https:\/\/www.encontramogimirim.com.br\/noticias\/wp-json\/wp\/v2\/comments?post=585"}],"version-history":[{"count":2,"href":"https:\/\/www.encontramogimirim.com.br\/noticias\/wp-json\/wp\/v2\/posts\/585\/revisions"}],"predecessor-version":[{"id":1300,"href":"https:\/\/www.encontramogimirim.com.br\/noticias\/wp-json\/wp\/v2\/posts\/585\/revisions\/1300"}],"wp:attachment":[{"href":"https:\/\/www.encontramogimirim.com.br\/noticias\/wp-json\/wp\/v2\/media?parent=585"}],"wp:term":[{"taxonomy":"category","embeddable":true,"href":"https:\/\/www.encontramogimirim.com.br\/noticias\/wp-json\/wp\/v2\/categories?post=585"},{"taxonomy":"post_tag","embeddable":true,"href":"https:\/\/www.encontramogimirim.com.br\/noticias\/wp-json\/wp\/v2\/tags?post=585"}],"curies":[{"name":"wp","href":"https:\/\/api.w.org\/{rel}","templated":true}]}}