{"id":587,"date":"2012-06-06T06:59:42","date_gmt":"2012-06-06T08:59:42","guid":{"rendered":"http:\/\/www.encontramogimirim.com.br\/noticias\/?p=587"},"modified":"2013-08-15T12:29:31","modified_gmt":"2013-08-15T14:29:31","slug":"minha-casa-minha-vida-familias-sao-eliminadas-e-ignoram-a-causa-em-mogi","status":"publish","type":"post","link":"https:\/\/www.encontramogimirim.com.br\/noticias\/minha-casa-minha-vida-familias-sao-eliminadas-e-ignoram-a-causa-em-mogi\/","title":{"rendered":"Minha Casa Minha Vida: fam\u00edlias s\u00e3o eliminadas e ignoram a causa em Mogi"},"content":{"rendered":"<p>B\u00e1rbara Cristina de Lima tem sete filhos, paga aluguel e estava praticamente entregando a casa ao propriet\u00e1rio por acreditar ter sido contemplada com o Programa \u201cMinha Casa, Minha Vida\u201d. Em situa\u00e7\u00e3o semelhante est\u00e3o Isabel Cristina Fermino Pinto da Silva e Patr\u00edcia Aparecida de Soledade Ferreira.<\/p>\n<p>A primeira sustenta tr\u00eas filhos e o marido doente com a renda de R$ 400, vivendo em uma casa de tr\u00eas c\u00f4modos cedida por parentes. J\u00e1 Patr\u00edcia passou os \u00faltimos oito meses planejando a mudan\u00e7a para o n\u00facleo, tendo inclusive mudado o filho de escola.<\/p>\n<p>A certeza de que receberiam uma das moradias do Residencial Floresta, no Jardim Planalto, teve origem no fato de que os nomes das jovens foram divulgados pela <a href=\"http:\/\/www.encontramogimirim.com.br\/mogi-mirim\/prefeitura-mogi-mirim.shtml\" target=\"_blank\">Prefeitura de Mogi\u00a0Mirim<\/a>\u00a0em agosto de 2011. A lista continha 352 nomes e 148 suplentes. No entanto, as tr\u00eas fam\u00edlias n\u00e3o constam na lista final divulgada no \u00faltimo dia 26 de maio.<\/p>\n<p>As pessoas convocadas na primeira lista foram instru\u00eddas a entregar documenta\u00e7\u00e3o e a preencher o Cadastro \u00danico para Programas Federais. Houve ainda uma entrevista com representantes do Departamento de Promo\u00e7\u00e3o Social.<\/p>\n<p>O edital publicado pela Prefeitura n\u00e3o \u00e9 claro sobre a necessidade de aprova\u00e7\u00e3o dos nomes ap\u00f3s triagem. O texto inicial diz que a Prefeitura \u201ctorna p\u00fablica a lista de fam\u00edlias contempladas no Programa \u2018Minha Casa, Minha Vida\u2019, Residencial Floresta, bem com a lista de espera\u201d.<\/p>\n<p>Sem saber exatamente o que deu errado, B\u00e1rbara e Isabel tentam entender os crit\u00e9rios da desclassifica\u00e7\u00e3o e se dizem revoltadas. \u201cQuando vi a lista final, eu s\u00f3 sabia chorar. Quero uma explica\u00e7\u00e3o\u201d, exige Patr\u00edcia. As tr\u00eas fam\u00edlias procuraram o Departamento de Promo\u00e7\u00e3o Social e foram informados apenas que os documentos apresentados estavam incompat\u00edveis com os crit\u00e9rios do programa.<br \/>\nNo caso de Isabel, que possu\u00eda renda familiar de R$ 480 na \u00e9poca, a desclassifica\u00e7\u00e3o pode ter sido motivada pelo fato de o marido ter sido contemplado com programa habitacional h\u00e1 17 anos. No entanto, ela se revoltou por n\u00e3o ter sido informada da elimina\u00e7\u00e3o antes.<\/p>\n<p>\u201cN\u00e3o fui nem convocada para avisar o que aconteceu, se foi por falta de documentos. Estou h\u00e1 quase um ano acreditando que fui contemplada e agora veio a surpresa\u201d, desabafou.<\/p>\n<p>As jovens relataram casos de pessoas conhecidas que foram chamadas para regularizar a documenta\u00e7\u00e3o ao longo do processo. \u201cEu liguei na Promo\u00e7\u00e3o Social h\u00e1 alguns meses e informaram que a Caixa estava solicitando novas informa\u00e7\u00f5es de quem estava com cadastro incompleto. Imaginei que n\u00e3o era o meu caso, j\u00e1 que n\u00e3o fui convocada para corrigir nada\u201d, disse Patr\u00edcia.<\/p>\n<p>Para Isabel, ficou ainda o constrangimento ap\u00f3s ter avisado a fam\u00edlia que receberia uma das moradias. \u201cEstou passando por mentirosa. A casa (em que est\u00e1 morando) foi cedida por um parente s\u00f3 porque ele sabia que eu seria contemplada com o programa em breve. Agora, preciso sair\u201d, lamentou.<\/p>\n<p>JUSTI\u00c7A<br \/>\nFam\u00edlias na mesma situa\u00e7\u00e3o procuraram o Minist\u00e9rio P\u00fablico em busca de interfer\u00eancia. A promotora Cristiane Correa de Souza Hillal informou que as pessoas est\u00e3o sendo orientadas a ingressar com a\u00e7\u00f5es individuais. \u201cA princ\u00edpio \u00e9 uma quest\u00e3o de interesse individual, em que cada fam\u00edlia deve comprovar na Justi\u00e7a porque deveria ter sido selecionada\u201d, disse.<\/p>\n<p>Em nome do grupo, B\u00e1rbara garantiu que o pr\u00f3ximo passo ser\u00e1 mesmo uma a\u00e7\u00e3o judicial. \u201cVamos processar sim. Se minha renda ultrapassasse o limite do programa, me conformaria, mas n\u00e3o \u00e9 esse o caso e n\u00e3o sei porque fui desclassificada\u201d, protestou.<\/p>\n<p><em>Fonte: A Comarca<\/em><\/p>\n","protected":false},"excerpt":{"rendered":"<p>B\u00e1rbara Cristina de Lima tem sete filhos, paga aluguel e estava praticamente entregando a casa ao propriet\u00e1rio por acreditar ter sido contemplada com o Programa \u201cMinha Casa, Minha Vida\u201d. Em situa\u00e7\u00e3o semelhante est\u00e3o Isabel Cristina Fermino Pinto da Silva e Patr\u00edcia Aparecida de Soledade Ferreira. A primeira sustenta tr\u00eas filhos e o marido doente com [&hellip;]<\/p>\n","protected":false},"author":1,"featured_media":0,"comment_status":"open","ping_status":"open","sticky":false,"template":"","format":"standard","meta":{"footnotes":""},"categories":[6],"tags":[14],"class_list":["post-587","post","type-post","status-publish","format-standard","hentry","category-noticias","tag-mogi-mirim"],"_links":{"self":[{"href":"https:\/\/www.encontramogimirim.com.br\/noticias\/wp-json\/wp\/v2\/posts\/587","targetHints":{"allow":["GET"]}}],"collection":[{"href":"https:\/\/www.encontramogimirim.com.br\/noticias\/wp-json\/wp\/v2\/posts"}],"about":[{"href":"https:\/\/www.encontramogimirim.com.br\/noticias\/wp-json\/wp\/v2\/types\/post"}],"author":[{"embeddable":true,"href":"https:\/\/www.encontramogimirim.com.br\/noticias\/wp-json\/wp\/v2\/users\/1"}],"replies":[{"embeddable":true,"href":"https:\/\/www.encontramogimirim.com.br\/noticias\/wp-json\/wp\/v2\/comments?post=587"}],"version-history":[{"count":7,"href":"https:\/\/www.encontramogimirim.com.br\/noticias\/wp-json\/wp\/v2\/posts\/587\/revisions"}],"predecessor-version":[{"id":1366,"href":"https:\/\/www.encontramogimirim.com.br\/noticias\/wp-json\/wp\/v2\/posts\/587\/revisions\/1366"}],"wp:attachment":[{"href":"https:\/\/www.encontramogimirim.com.br\/noticias\/wp-json\/wp\/v2\/media?parent=587"}],"wp:term":[{"taxonomy":"category","embeddable":true,"href":"https:\/\/www.encontramogimirim.com.br\/noticias\/wp-json\/wp\/v2\/categories?post=587"},{"taxonomy":"post_tag","embeddable":true,"href":"https:\/\/www.encontramogimirim.com.br\/noticias\/wp-json\/wp\/v2\/tags?post=587"}],"curies":[{"name":"wp","href":"https:\/\/api.w.org\/{rel}","templated":true}]}}