{"id":598,"date":"2012-06-11T08:00:08","date_gmt":"2012-06-11T10:00:08","guid":{"rendered":"http:\/\/www.encontramogimirim.com.br\/noticias\/?p=598"},"modified":"2013-08-15T12:29:21","modified_gmt":"2013-08-15T14:29:21","slug":"obra-no-canudos-em-mogi-exigira-parada-no-fornecimento-de-agua-na-proxima-terca-e-quarta-feira","status":"publish","type":"post","link":"https:\/\/www.encontramogimirim.com.br\/noticias\/obra-no-canudos-em-mogi-exigira-parada-no-fornecimento-de-agua-na-proxima-terca-e-quarta-feira\/","title":{"rendered":"Obra no Canudos em Mogi exigir\u00e1 parada no fornecimento de \u00e1gua na pr\u00f3xima ter\u00e7a e quarta-feira"},"content":{"rendered":"<p>Como parte das obras da canaliza\u00e7\u00e3o e urbaniza\u00e7\u00e3o do C\u00f3rrego dos Canudos, o Semae realizar\u00e1, na pr\u00f3xima ter\u00e7a e quarta-feira (12 e 13 de junho), uma interliga\u00e7\u00e3o na rede que abastece toda a regi\u00e3o alta de Braz Cubas. Por isso, ser\u00e1 necess\u00e1rio suspender o abastecimento de \u00e1gua na ter\u00e7a pela manh\u00e3, com retomada prevista para a noite de quarta-feira.<\/p>\n<p>A adutora que corta a regi\u00e3o do Canudos tem 600 mil\u00edmetros de di\u00e2metro e \u00e9 de grande porte. Al\u00e9m da interliga\u00e7\u00e3o, que ser\u00e1 feita em dois pontos da rede, ser\u00e1 necess\u00e1rio tamb\u00e9m refazer a base que sustenta a tubula\u00e7\u00e3o, com uso de pedra e concreto. O engenheiro Jos\u00e9 Miguel Ackel Neto explica que a opera\u00e7\u00e3o vai fazer com que a adutora atravesse o c\u00f3rrego. \u201cUma obra importante e desse porte, como a que est\u00e1 ocorrendo no Canudos, exige ajustes na rede e temos que fazer este trabalho\u201d, explicou.<\/p>\n<p>A \u00e1gua que passa pela adutora \u00e9 fornecida pela Sabesp, que j\u00e1 foi avisada sobre a parada de ter\u00e7a e quarta-feira. A rede que ser\u00e1 interligada foi a mesma que, na semana passada, quase foi atingida por uma escava\u00e7\u00e3o da obra, e que deixou sua base aparente. Com a nova configura\u00e7\u00e3o do c\u00f3rrego \u2013 que j\u00e1 est\u00e1 canalizado &#8211; aquele trecho da rede deixar\u00e1 de existir e a tubula\u00e7\u00e3o passar\u00e1 por um local mais seguro.<\/p>\n<p>Ser\u00e3o atingidos a \u00e1rea alta de Braz Cubas, al\u00e9m do Alto Ipiranga, Conjunto Santo \u00c2ngelo, Vila Pomar, Jardim Orop\u00f3 e Residencial Thaysa, com uma popula\u00e7\u00e3o total estimada em 30 mil pessoas. Os moradores de casas que contam com caixa d\u2019\u00e1gua n\u00e3o dever\u00e3o sentir problemas no abastecimento. De qualquer forma, a recomenda\u00e7\u00e3o \u00e9 para que as fam\u00edlias utilizem \u00e1gua com modera\u00e7\u00e3o e, em caso de emerg\u00eancia, entrem em contato com o Semae pelo telefone 115. (MAS)<\/p>\n<p><em>Fonte: Prefeitura de Mogi Mirim<\/em><\/p>\n","protected":false},"excerpt":{"rendered":"<p>Como parte das obras da canaliza\u00e7\u00e3o e urbaniza\u00e7\u00e3o do C\u00f3rrego dos Canudos, o Semae realizar\u00e1, na pr\u00f3xima ter\u00e7a e quarta-feira (12 e 13 de junho), uma interliga\u00e7\u00e3o na rede que abastece toda a regi\u00e3o alta de Braz Cubas. Por isso, ser\u00e1 necess\u00e1rio suspender o abastecimento de \u00e1gua na ter\u00e7a pela manh\u00e3, com retomada prevista para [&hellip;]<\/p>\n","protected":false},"author":1,"featured_media":0,"comment_status":"open","ping_status":"open","sticky":false,"template":"","format":"standard","meta":{"footnotes":""},"categories":[6],"tags":[14],"class_list":["post-598","post","type-post","status-publish","format-standard","hentry","category-noticias","tag-mogi-mirim"],"_links":{"self":[{"href":"https:\/\/www.encontramogimirim.com.br\/noticias\/wp-json\/wp\/v2\/posts\/598","targetHints":{"allow":["GET"]}}],"collection":[{"href":"https:\/\/www.encontramogimirim.com.br\/noticias\/wp-json\/wp\/v2\/posts"}],"about":[{"href":"https:\/\/www.encontramogimirim.com.br\/noticias\/wp-json\/wp\/v2\/types\/post"}],"author":[{"embeddable":true,"href":"https:\/\/www.encontramogimirim.com.br\/noticias\/wp-json\/wp\/v2\/users\/1"}],"replies":[{"embeddable":true,"href":"https:\/\/www.encontramogimirim.com.br\/noticias\/wp-json\/wp\/v2\/comments?post=598"}],"version-history":[{"count":3,"href":"https:\/\/www.encontramogimirim.com.br\/noticias\/wp-json\/wp\/v2\/posts\/598\/revisions"}],"predecessor-version":[{"id":1240,"href":"https:\/\/www.encontramogimirim.com.br\/noticias\/wp-json\/wp\/v2\/posts\/598\/revisions\/1240"}],"wp:attachment":[{"href":"https:\/\/www.encontramogimirim.com.br\/noticias\/wp-json\/wp\/v2\/media?parent=598"}],"wp:term":[{"taxonomy":"category","embeddable":true,"href":"https:\/\/www.encontramogimirim.com.br\/noticias\/wp-json\/wp\/v2\/categories?post=598"},{"taxonomy":"post_tag","embeddable":true,"href":"https:\/\/www.encontramogimirim.com.br\/noticias\/wp-json\/wp\/v2\/tags?post=598"}],"curies":[{"name":"wp","href":"https:\/\/api.w.org\/{rel}","templated":true}]}}