{"id":608,"date":"2012-06-14T00:01:46","date_gmt":"2012-06-14T02:01:46","guid":{"rendered":"http:\/\/www.encontramogimirim.com.br\/noticias\/?p=608"},"modified":"2013-08-15T12:29:25","modified_gmt":"2013-08-15T14:29:25","slug":"mae-acusa-erro-medico-em-parto-de-12h-e-deixou-bebe-internado-na-uti-em-mogi-mirim","status":"publish","type":"post","link":"https:\/\/www.encontramogimirim.com.br\/noticias\/mae-acusa-erro-medico-em-parto-de-12h-e-deixou-bebe-internado-na-uti-em-mogi-mirim\/","title":{"rendered":"M\u00e3e acusa erro m\u00e9dico em parto de 12h e deixou beb\u00ea internado na UTI em Mogi Mirim"},"content":{"rendered":"<div id=\"materia-letra\">\n<div>\n<div>\n<p>A pol\u00edcia abriu inqu\u00e9rito nesta \u00faltima quarta-feira (13) para apurar um suposto erro m\u00e9dico e neglig\u00eancia no atendimento durante um parto na <a href=\"http:\/\/www.encontramogimirim.com.br\/mogi-mirim\/santa-casa-mogi-mirim.shtml\" target=\"_blank\">Santa Casa de Mogi Mirim.<\/a> O beb\u00ea est\u00e1 internado em estado grave na Unidade de Terapia Intensiva (UTI) h\u00e1 23 dias. Segundo a m\u00e3e Sheila Aparecida Agostim, o procedimento demorou 12 horas e provocou machucados na cabe\u00e7a do rec\u00e9m-nascido. Ap\u00f3s o caso, o m\u00e9dico que fez o atendimento solicitou a rescis\u00e3o de contrato com o hospital.<\/p>\n<p>A auxiliar de escrit\u00f3rio conta que chegou ao hospital por volta das 5h com fortes dores e foi atendida por um plantonista durante cerca de duas horas, quando houve troca de equipe m\u00e9dica. &#8220;Fui questionada se a bolsa havia rompido e confirmei. Marcaram a ultrassonografia para 9h30, mas o exame s\u00f3 ocorreu por volta das 11h30&#8221;, explica. O resultado, segundo a v\u00edtima, apontou perda de 3% do l\u00edquido da placenta, o que indica que a gr\u00e1vida est\u00e1 em trabalho de parto.<\/p>\n<p>Sheila lembra que os exames feitos durante o pr\u00e9-natal apontaram que o beb\u00ea &#8220;seria grande&#8221; e a cesariana era o procedimento indicado pelo m\u00e9dico de uma cl\u00ednica particular em que realizou exames, al\u00e9m de profissionais que fizeram o acompanhamento em um posto de sa\u00fade no Centro. &#8220;O exame apontou que o Davi [nome do beb\u00ea] nasceria com quatro quilos. Tenho um filho de 10 anos que nasceu por cesariana.<\/p>\n<p>Segundo a m\u00e3e, o problema ocorreu depois da ultrassonografia, o m\u00e9dico me deixou em repouso no quarto e entendeu que o beb\u00ea deveria nascer de parto normal&#8221;, critica. Sheila disse que iria retirar uma carta de recomenda\u00e7\u00e3o na cl\u00ednica, mas o filho nasceu sete dias antes do previsto.<\/p>\n<p><strong>Insist\u00eancia<\/strong><br \/>\nA auxiliar de escrit\u00f3rio afirma que passou a ser monitorada de hora em hora at\u00e9 o momento do parto, \u00e0s 17h30, e que tentava convencer o ginecologista obstetra de que a cesariana era o melhor procedimento.<\/p>\n<p>&#8220;Ele come\u00e7ou a me questionar, dizendo que ele era o profissional. Insisti que n\u00e3o conseguiria, mas parece que se tornou quest\u00e3o de honra para ele. J\u00e1 estava fraca e quase desmaiando de dor quando chegou o momento&#8221;, critica.<\/p>\n<p>Sheila conta que foi levada \u00e0 sala de cirurgia ap\u00f3s ter dilata\u00e7\u00e3o de seis cent\u00edmetros, mas o procedimento deu errado. &#8220;N\u00e3o foi suficiente e ele usou um f\u00f3rceps, o que machucou a cabe\u00e7a do Davi. Ele n\u00e3o chorou e tamb\u00e9m n\u00e3o abriu os olhos&#8221;, lembra emocionada. O di\u00e2metro da cabe\u00e7a do rec\u00e9m-nascido, segundo a m\u00e3e, tem 33 cent\u00edmetros e o f\u00eamur sete cent\u00edmetros.<\/p>\n<p>O beb\u00ea recebeu massagem card\u00edaca e foi levado para a UTI neonatal, onde permanece internado desde ent\u00e3o. &#8220;Por ser um beb\u00ea forte, pode ser que ele saia sem qualquer sequela ou morto&#8221;, explica Sheila. Ela adiantou que ir\u00e1 processar o ginecologista e aguarda pela defini\u00e7\u00e3o do estado de sa\u00fade da crian\u00e7a para mover uma poss\u00edvel a\u00e7\u00e3o por danos.<br \/>\n<strong><br \/>\nInqu\u00e9rito e apura\u00e7\u00e3o<\/strong><br \/>\nA delegada do 3\u00ba Distrito Policial de Mogi Mirim , Raquel Casalli Gadiani, disse que Sheila, a irm\u00e3 dela e um dos m\u00e9dicos citados pela fam\u00edlia no registro da ocorr\u00eancia, prestaram depoimento. &#8220;Preciso apurar se houve neglig\u00eancia. N\u00e3o h\u00e1 como precisar o n\u00famero de testemunhas, pois durante os trabalhos outras pessoas podem ser envolvidas&#8221;, comenta a delegada, que espera por uma lista com os profissionais envolvidos no trabalho de parto, que ser\u00e1 enviada pelo hospital.<\/p>\n<p>A assessoria de imprensa da Santa Casa informou que o ginecologista obstetra pediu desligamento na semana posterior ao caso. Al\u00e9m disso, ressalta que prestou toda assist\u00eancia \u00e0 paciente e aguarda an\u00e1lise do Conselho de \u00c9tica M\u00e9dica.<\/p>\n<p>O <strong>G1<\/strong> n\u00e3o conseguiu contato com o advogado do m\u00e9dico at\u00e9 esta publica\u00e7\u00e3o para comentar a den\u00fancia.<\/p>\n<p><em>Fonte: G1.com<\/em><\/p>\n<\/div>\n<\/div>\n<\/div>\n","protected":false},"excerpt":{"rendered":"<p>A pol\u00edcia abriu inqu\u00e9rito nesta \u00faltima quarta-feira (13) para apurar um suposto erro m\u00e9dico e neglig\u00eancia no atendimento durante um parto na Santa Casa de Mogi Mirim. O beb\u00ea est\u00e1 internado em estado grave na Unidade de Terapia Intensiva (UTI) h\u00e1 23 dias. Segundo a m\u00e3e Sheila Aparecida Agostim, o procedimento demorou 12 horas e [&hellip;]<\/p>\n","protected":false},"author":1,"featured_media":0,"comment_status":"open","ping_status":"open","sticky":false,"template":"","format":"standard","meta":{"footnotes":""},"categories":[6],"tags":[14],"class_list":["post-608","post","type-post","status-publish","format-standard","hentry","category-noticias","tag-mogi-mirim"],"_links":{"self":[{"href":"https:\/\/www.encontramogimirim.com.br\/noticias\/wp-json\/wp\/v2\/posts\/608","targetHints":{"allow":["GET"]}}],"collection":[{"href":"https:\/\/www.encontramogimirim.com.br\/noticias\/wp-json\/wp\/v2\/posts"}],"about":[{"href":"https:\/\/www.encontramogimirim.com.br\/noticias\/wp-json\/wp\/v2\/types\/post"}],"author":[{"embeddable":true,"href":"https:\/\/www.encontramogimirim.com.br\/noticias\/wp-json\/wp\/v2\/users\/1"}],"replies":[{"embeddable":true,"href":"https:\/\/www.encontramogimirim.com.br\/noticias\/wp-json\/wp\/v2\/comments?post=608"}],"version-history":[{"count":3,"href":"https:\/\/www.encontramogimirim.com.br\/noticias\/wp-json\/wp\/v2\/posts\/608\/revisions"}],"predecessor-version":[{"id":1302,"href":"https:\/\/www.encontramogimirim.com.br\/noticias\/wp-json\/wp\/v2\/posts\/608\/revisions\/1302"}],"wp:attachment":[{"href":"https:\/\/www.encontramogimirim.com.br\/noticias\/wp-json\/wp\/v2\/media?parent=608"}],"wp:term":[{"taxonomy":"category","embeddable":true,"href":"https:\/\/www.encontramogimirim.com.br\/noticias\/wp-json\/wp\/v2\/categories?post=608"},{"taxonomy":"post_tag","embeddable":true,"href":"https:\/\/www.encontramogimirim.com.br\/noticias\/wp-json\/wp\/v2\/tags?post=608"}],"curies":[{"name":"wp","href":"https:\/\/api.w.org\/{rel}","templated":true}]}}