{"id":611,"date":"2012-06-15T00:01:35","date_gmt":"2012-06-15T02:01:35","guid":{"rendered":"http:\/\/www.encontramogimirim.com.br\/noticias\/?p=611"},"modified":"2013-08-15T12:29:25","modified_gmt":"2013-08-15T14:29:25","slug":"sabado-e-o-dia-d-da-vacinacao-contra-paralisia-infantil","status":"publish","type":"post","link":"https:\/\/www.encontramogimirim.com.br\/noticias\/sabado-e-o-dia-d-da-vacinacao-contra-paralisia-infantil\/","title":{"rendered":"S\u00e1bado \u00e9 o Dia D da vacina\u00e7\u00e3o contra paralisia infantil em Mogi Mirim"},"content":{"rendered":"<p>O Departamento de Sa\u00fade vai iniciar no pr\u00f3ximo s\u00e1bado (16) a campanha de vacina\u00e7\u00e3o contra a paralisia infantil, popularmente conhecida como vacina do Z\u00e9 Gotinha.<\/p>\n<p>A campanha acontece at\u00e9 o dia 06 de julho.<br \/>\nAs doses estar\u00e3o dispon\u00edveis nas UBS (Unidades B\u00e1sicas de Sa\u00fade) e nos PSFs, al\u00e9m de postos volantes distribu\u00eddos por todo o munic\u00edpio.<\/p>\n<p>Os pontos ser\u00e3o as escolas municipais EMEB Prof. \u201cGeraldo Alves Pinheiro\u201d (Linda Chaib), EMEB Prof\u00aa. \u201cAltair Rosa Corsi Costa\u201d (Parque Imprensa) e EMEB Vereadora \u201cTerezinha da Silva Oliveira\u201d (Novacop); os supermercados Carrefour Bairro e Lavap\u00e9s (Vila Bianchi e Tucura); na igreja Capela de S\u00e3o Judas e na Pra\u00e7a Rui Barbosa, no centro.<\/p>\n<p>Todas as crian\u00e7as que possuem idade entre 0 e 5 anos ter\u00e3o de receber a dose da vacina contra a paralisia infantil. O pai ou respons\u00e1vel dever\u00e1 apresentar a caderneta de vacina\u00e7\u00e3o.<\/p>\n<p>A previs\u00e3o \u00e9 que cerca de 5.300 crian\u00e7as sejam imunizadas.<\/p>\n<p>Tamb\u00e9m no s\u00e1bado, de acordo com a Vigil\u00e2ncia Epidemiol\u00f3gica, ser\u00e1 realizada, apenas nas UBS&#8217;s, a atualiza\u00e7\u00e3o das carteirinhas de vacina\u00e7\u00e3o.<\/p>\n<p>A equipe da vigil\u00e2ncia epidemiol\u00f3gica vai aproveitar a campanha para aplicar a vacina contra a Influenza e H1N1 nas pessoas que ainda n\u00e3o receberam a dose.<\/p>\n<p>A vacina\u00e7\u00e3o j\u00e1 foi ampliada porque a meta ainda n\u00e3o foi atingida. Nesta campanha o p\u00fablico &#8211; alvo s\u00e3o pessoas acima de 60 anos, gestantes e crian\u00e7as de seis meses a 2 anos.<\/p>\n<p><em>Fonte: Prefeitura de Mogi Mirim<\/em><\/p>\n","protected":false},"excerpt":{"rendered":"<p>O Departamento de Sa\u00fade vai iniciar no pr\u00f3ximo s\u00e1bado (16) a campanha de vacina\u00e7\u00e3o contra a paralisia infantil, popularmente conhecida como vacina do Z\u00e9 Gotinha. A campanha acontece at\u00e9 o dia 06 de julho. As doses estar\u00e3o dispon\u00edveis nas UBS (Unidades B\u00e1sicas de Sa\u00fade) e nos PSFs, al\u00e9m de postos volantes distribu\u00eddos por todo o [&hellip;]<\/p>\n","protected":false},"author":1,"featured_media":0,"comment_status":"open","ping_status":"open","sticky":false,"template":"","format":"standard","meta":{"footnotes":""},"categories":[6],"tags":[14],"class_list":["post-611","post","type-post","status-publish","format-standard","hentry","category-noticias","tag-mogi-mirim"],"_links":{"self":[{"href":"https:\/\/www.encontramogimirim.com.br\/noticias\/wp-json\/wp\/v2\/posts\/611","targetHints":{"allow":["GET"]}}],"collection":[{"href":"https:\/\/www.encontramogimirim.com.br\/noticias\/wp-json\/wp\/v2\/posts"}],"about":[{"href":"https:\/\/www.encontramogimirim.com.br\/noticias\/wp-json\/wp\/v2\/types\/post"}],"author":[{"embeddable":true,"href":"https:\/\/www.encontramogimirim.com.br\/noticias\/wp-json\/wp\/v2\/users\/1"}],"replies":[{"embeddable":true,"href":"https:\/\/www.encontramogimirim.com.br\/noticias\/wp-json\/wp\/v2\/comments?post=611"}],"version-history":[{"count":4,"href":"https:\/\/www.encontramogimirim.com.br\/noticias\/wp-json\/wp\/v2\/posts\/611\/revisions"}],"predecessor-version":[{"id":614,"href":"https:\/\/www.encontramogimirim.com.br\/noticias\/wp-json\/wp\/v2\/posts\/611\/revisions\/614"}],"wp:attachment":[{"href":"https:\/\/www.encontramogimirim.com.br\/noticias\/wp-json\/wp\/v2\/media?parent=611"}],"wp:term":[{"taxonomy":"category","embeddable":true,"href":"https:\/\/www.encontramogimirim.com.br\/noticias\/wp-json\/wp\/v2\/categories?post=611"},{"taxonomy":"post_tag","embeddable":true,"href":"https:\/\/www.encontramogimirim.com.br\/noticias\/wp-json\/wp\/v2\/tags?post=611"}],"curies":[{"name":"wp","href":"https:\/\/api.w.org\/{rel}","templated":true}]}}