{"id":618,"date":"2012-06-19T05:42:39","date_gmt":"2012-06-19T07:42:39","guid":{"rendered":"http:\/\/www.encontramogimirim.com.br\/noticias\/?p=618"},"modified":"2013-08-15T12:29:24","modified_gmt":"2013-08-15T14:29:24","slug":"sipat-comeca-hoje-em-mogi-mirim","status":"publish","type":"post","link":"https:\/\/www.encontramogimirim.com.br\/noticias\/sipat-comeca-hoje-em-mogi-mirim\/","title":{"rendered":"Sipat come\u00e7a hoje em Mogi Mirim"},"content":{"rendered":"<div>\n<p>Hoje tem in\u00edcio a XVIII Semana Interna de Preven\u00e7\u00e3o de Acidentes de Trabalho (SIPAT) da <a href=\"http:\/\/www.encontramogimirim.com.br\/mogi-mirim\/prefeitura-mogi-mirim.shtml\" target=\"_blank\">Prefeitura de Mogi Mirim<\/a>.<br \/>\nA abertura ser\u00e1 em frente ao <a href=\"http:\/\/www.encontramogimirim.com.br\/mogi-mirim\/paco-municipal-de-mogi-mirim.shtml\" target=\"_blank\">Pa\u00e7o Municipal<\/a>\u00a0a partir das 8h00 com hasteamento das bandeiras, presen\u00e7a de autoridades e participa\u00e7\u00e3o do Tiro de Guerra 02-0223.<br \/>\n\u201cSeguran\u00e7a garantindo Qualidade de Vida\u201d \u00e9 o tema que ser\u00e1 tratado nos encontros agendados para os servidores p\u00fablicos no decorrer da semana.<\/p>\n<p>Toda programa\u00e7\u00e3o ser\u00e1 realizada no <a href=\"http:\/\/www.encontramogimirim.com.br\/mogi-mirim\/centro-cultural-lauro-monteiro-de-carvalho-e-silva-em-mogi-mirim.shtml\" target=\"_blank\">Centro Cultural Prof. \u201cLauro Monteiro de Carvalho e Silva<\/a>\u201d Ainda no dia 19, das 8h30 \u00e0s 10h00, o caricaturista R\u00f4mulo Coutinho realizar\u00e1 a caricatura dos visitantes, pois \u00e0s 10h00, ter\u00e1 in\u00edcio a palestra \u201cMotivando para a Seguran\u00e7a\u201d.<\/p>\n<p>Paralelamente, das 8h30 \u00e0s 12h00, um profissional de quick massage atender\u00e1 os presentes que desejarem receber uma r\u00e1pida massagem.<\/p>\n<p>J\u00e1 no dia 20, os encontros est\u00e3o agendados para o per\u00edodo noturno.<br \/>\nA partir das 18h00, a Comiss\u00e3o da Cipa estar\u00e1 recepcionando e promovendo atividades de descontra\u00e7\u00e3o. A partir das 19h30 est\u00e1 prevista a palestra \u201cStress\u201d.<\/p>\n<p>No dia 21, data de encerramento da SIPAT, as atividades ter\u00e3o in\u00edcio a partir das 8h00, com atividades de relaxamento e \u00e0s 10h00 consta na programa\u00e7\u00e3o a palestra \u201cComo usar a M\u00e1quina Humana\u201d.<\/p>\n<p>O palestrante dos eventos da SIPAT ser\u00e1 o biom\u00e9dico Dr. Auth\u00edmio L\u00facio.<br \/>\nDe acordo com a comiss\u00e3o organizadora, em todos os encontros haver\u00e1 sorteio de brindes.<\/p>\n<p>Para o presidente da CIPA, Nelson Bertolazi, a SIPAT 2012 \u201cvai permitir a valoriza\u00e7\u00e3o da vida pelo funcion\u00e1rio, pois ele vai criar uma conscientiza\u00e7\u00e3o da necessidade de preven\u00e7\u00e3o\u201d.<\/p>\n<p><em>Fonte: Prefeitura de Mogi Mirim<\/em><\/p>\n<\/div>\n","protected":false},"excerpt":{"rendered":"<p>Hoje tem in\u00edcio a XVIII Semana Interna de Preven\u00e7\u00e3o de Acidentes de Trabalho (SIPAT) da Prefeitura de Mogi Mirim. A abertura ser\u00e1 em frente ao Pa\u00e7o Municipal\u00a0a partir das 8h00 com hasteamento das bandeiras, presen\u00e7a de autoridades e participa\u00e7\u00e3o do Tiro de Guerra 02-0223. \u201cSeguran\u00e7a garantindo Qualidade de Vida\u201d \u00e9 o tema que ser\u00e1 tratado [&hellip;]<\/p>\n","protected":false},"author":1,"featured_media":0,"comment_status":"open","ping_status":"open","sticky":false,"template":"","format":"standard","meta":{"footnotes":""},"categories":[6],"tags":[14],"class_list":["post-618","post","type-post","status-publish","format-standard","hentry","category-noticias","tag-mogi-mirim"],"_links":{"self":[{"href":"https:\/\/www.encontramogimirim.com.br\/noticias\/wp-json\/wp\/v2\/posts\/618","targetHints":{"allow":["GET"]}}],"collection":[{"href":"https:\/\/www.encontramogimirim.com.br\/noticias\/wp-json\/wp\/v2\/posts"}],"about":[{"href":"https:\/\/www.encontramogimirim.com.br\/noticias\/wp-json\/wp\/v2\/types\/post"}],"author":[{"embeddable":true,"href":"https:\/\/www.encontramogimirim.com.br\/noticias\/wp-json\/wp\/v2\/users\/1"}],"replies":[{"embeddable":true,"href":"https:\/\/www.encontramogimirim.com.br\/noticias\/wp-json\/wp\/v2\/comments?post=618"}],"version-history":[{"count":2,"href":"https:\/\/www.encontramogimirim.com.br\/noticias\/wp-json\/wp\/v2\/posts\/618\/revisions"}],"predecessor-version":[{"id":1276,"href":"https:\/\/www.encontramogimirim.com.br\/noticias\/wp-json\/wp\/v2\/posts\/618\/revisions\/1276"}],"wp:attachment":[{"href":"https:\/\/www.encontramogimirim.com.br\/noticias\/wp-json\/wp\/v2\/media?parent=618"}],"wp:term":[{"taxonomy":"category","embeddable":true,"href":"https:\/\/www.encontramogimirim.com.br\/noticias\/wp-json\/wp\/v2\/categories?post=618"},{"taxonomy":"post_tag","embeddable":true,"href":"https:\/\/www.encontramogimirim.com.br\/noticias\/wp-json\/wp\/v2\/tags?post=618"}],"curies":[{"name":"wp","href":"https:\/\/api.w.org\/{rel}","templated":true}]}}