{"id":625,"date":"2012-06-20T18:44:17","date_gmt":"2012-06-20T20:44:17","guid":{"rendered":"http:\/\/www.encontramogimirim.com.br\/noticias\/?p=625"},"modified":"2013-08-15T12:29:26","modified_gmt":"2013-08-15T14:29:26","slug":"saude-vacina-alunos-e-funcionarios-de-escola-apos-morte-por-virus-h1n1-em-mogi-mirim","status":"publish","type":"post","link":"https:\/\/www.encontramogimirim.com.br\/noticias\/saude-vacina-alunos-e-funcionarios-de-escola-apos-morte-por-virus-h1n1-em-mogi-mirim\/","title":{"rendered":"Sa\u00fade vacina alunos e funcion\u00e1rios de escola ap\u00f3s morte por v\u00edrus H1N1 em Mogi Mirim"},"content":{"rendered":"<p>A Vigil\u00e2ncia Epidemiol\u00f3gica de Mogi Mirim deu in\u00edcio na \u00faltima segunda-feira (18) \u00e0 vacina\u00e7\u00e3o de professores e estudantes da Escola Estadual Professor Aristides Gurj\u00e3o, onde trabalhava a diretora Maria Cec\u00edlia Fonseca Voltan, morta no s\u00e1bado (16) ap\u00f3s contrair o v\u00edrus da gripe H1N1. O caso \u00e9 o primeiro na regi\u00e3o, desde 2010.<\/p>\n<p>No hospital do munic\u00edpio houve aumento do fluxo de pessoas com gripe e preocupadas em como evitar a doen\u00e7a. &#8220;A influenza tem que ser levada a s\u00e9rio. Quem tiver febre e sintoma respirat\u00f3rio deve procurar o servi\u00e7o de sa\u00fade, mas n\u00e3o preocupado especificamente com o H1N1&#8221;, explica o m\u00e9dico sanitarista Andr\u00e9 Ribas Freitas.<\/p>\n<p>O posto de sa\u00fade do bairro Martin Francisco, onde est\u00e1 localizada a escola, informou que ir\u00e1 vacinar os moradores da regi\u00e3o contra a gripe nesta ter\u00e7a (19). Segundo a Secretaria de Sa\u00fade do Estado de S\u00e3o Paulo, foram registrados 43 casos da doen\u00e7a este ano no estado, com 11 mortes.<\/p>\n<p>A Secretaria Estadual da Educa\u00e7\u00e3o informou que as aulas ser\u00e3o retomadas nesta ter\u00e7a, uma vez que o munic\u00edpio n\u00e3o apresenta surtos do v\u00edrus H1N1.<\/p>\n<p>A doen\u00e7a<br \/>\nEm 2009, quando houve uma pandemia do v\u00edrus da gripe H1N1, foram registrados 11 mil casos da doen\u00e7a, com 600 \u00f3bitos, no estado de S\u00e3o Paulo, segundo a secretaria estadual.<\/p>\n<p><em>Fonte: G1.com<\/em><\/p>\n","protected":false},"excerpt":{"rendered":"<p>A Vigil\u00e2ncia Epidemiol\u00f3gica de Mogi Mirim deu in\u00edcio na \u00faltima segunda-feira (18) \u00e0 vacina\u00e7\u00e3o de professores e estudantes da Escola Estadual Professor Aristides Gurj\u00e3o, onde trabalhava a diretora Maria Cec\u00edlia Fonseca Voltan, morta no s\u00e1bado (16) ap\u00f3s contrair o v\u00edrus da gripe H1N1. O caso \u00e9 o primeiro na regi\u00e3o, desde 2010. No hospital do [&hellip;]<\/p>\n","protected":false},"author":1,"featured_media":0,"comment_status":"open","ping_status":"open","sticky":false,"template":"","format":"standard","meta":{"footnotes":""},"categories":[6],"tags":[14],"class_list":["post-625","post","type-post","status-publish","format-standard","hentry","category-noticias","tag-mogi-mirim"],"_links":{"self":[{"href":"https:\/\/www.encontramogimirim.com.br\/noticias\/wp-json\/wp\/v2\/posts\/625","targetHints":{"allow":["GET"]}}],"collection":[{"href":"https:\/\/www.encontramogimirim.com.br\/noticias\/wp-json\/wp\/v2\/posts"}],"about":[{"href":"https:\/\/www.encontramogimirim.com.br\/noticias\/wp-json\/wp\/v2\/types\/post"}],"author":[{"embeddable":true,"href":"https:\/\/www.encontramogimirim.com.br\/noticias\/wp-json\/wp\/v2\/users\/1"}],"replies":[{"embeddable":true,"href":"https:\/\/www.encontramogimirim.com.br\/noticias\/wp-json\/wp\/v2\/comments?post=625"}],"version-history":[{"count":4,"href":"https:\/\/www.encontramogimirim.com.br\/noticias\/wp-json\/wp\/v2\/posts\/625\/revisions"}],"predecessor-version":[{"id":628,"href":"https:\/\/www.encontramogimirim.com.br\/noticias\/wp-json\/wp\/v2\/posts\/625\/revisions\/628"}],"wp:attachment":[{"href":"https:\/\/www.encontramogimirim.com.br\/noticias\/wp-json\/wp\/v2\/media?parent=625"}],"wp:term":[{"taxonomy":"category","embeddable":true,"href":"https:\/\/www.encontramogimirim.com.br\/noticias\/wp-json\/wp\/v2\/categories?post=625"},{"taxonomy":"post_tag","embeddable":true,"href":"https:\/\/www.encontramogimirim.com.br\/noticias\/wp-json\/wp\/v2\/tags?post=625"}],"curies":[{"name":"wp","href":"https:\/\/api.w.org\/{rel}","templated":true}]}}